{"id":37980,"date":"2015-02-12T08:14:00","date_gmt":"2015-02-12T14:14:00","guid":{"rendered":"http:\/\/elcronistadigital.com\/?p=37980"},"modified":"2015-02-12T08:14:00","modified_gmt":"2015-02-12T14:14:00","slug":"nica-migrante-rescatada-en-mexico","status":"publish","type":"post","link":"https:\/\/elcronistadigital.com\/?p=37980","title":{"rendered":"Nica migrante rescatada en M\u00e9xico"},"content":{"rendered":"<div id=\"attachment_37981\" style=\"width: 310px\" class=\"wp-caption alignleft\"><a href=\"https:\/\/elcronistadigital.com\/?attachment_id=37981\" rel=\"attachment wp-att-37981\"><img loading=\"lazy\" decoding=\"async\" aria-describedby=\"caption-attachment-37981\" class=\"size-full wp-image-37981\" alt=\"Parte de los migrantes rescatados en M\u00e9xico. (Foto: El Sol de C\u00f3rdoba).\" src=\"https:\/\/elcronistadigital.com\/wp-content\/uploads\/2015\/02\/migra.jpg\" width=\"300\" height=\"250\" \/><\/a><p id=\"caption-attachment-37981\" class=\"wp-caption-text\">Parte de los migrantes rescatados en M\u00e9xico. (Foto: El Sol de C\u00f3rdoba).<\/p><\/div>\n<p>Una nicarag\u00fcense fue rescatada junto a otros 17 migrantes centroamericanos, cuando eran transportados en M\u00e9xico a bordo de cami\u00f3n con tr\u00e1iler en condiciones de hacinamiento, seg\u00fan autoridades del pa\u00eds azteca.<\/p>\n<p>Oficiales de la Polic\u00eda Federal Ministerial y Personal del Instituto Nacional de Migraci\u00f3n (INM), capturaron al presunto traficante de personas que llevaba a los 18 migrantes con direcci\u00f3n hacia Estados Unidos.<\/p>\n<p>Los hechos ocurrieron a la altura del kil\u00f3metro 2 de la autopista Cosamaloapan- La Tinaja, en Veracruz, agentes del INM en coordinaci\u00f3n con elementos de la Polic\u00eda Federal Ministerial, detectaron en un punto de revisi\u00f3n un tracto-cami\u00f3n que trasladaba a 15 hombres (de los cuales dos son menores de edad con 15 y 16 a\u00f1os), y tres mujeres, provenientes de Honduras, Guatemala, El Salvador y Nicaragua.<\/p>\n<p>Al momento de realizar la inspecci\u00f3n del veh\u00edculo, el conductor quien ha sido identificado como Valent\u00edn Aguilar Lira, refiri\u00f3 que hab\u00eda recibido un pago por 50 mil pesos a cambio de transportar a los migrantes. Por tal motivo la unidad y el chofer, fueron custodiados y trasladados por elementos de la Polic\u00eda Federal Ministerial a la Agencia del Ministerio P\u00fablico del fuero Federal, en la ciudad de C\u00f3rdoba, Veracruz para realizar las investigaciones correspondientes.<\/p>\n<p>Los migrantes rescatados quienes no acreditaron con ning\u00fan documento su estancia legal en el pa\u00eds, rindieron su declaraci\u00f3n ante el Fiscal Federal.<\/p>\n<p>Se inform\u00f3 que luego de que fue tomada la declaraci\u00f3n de las 18 personas de origen centroamericano fueron trasladadas a las instalaciones del INM en la ciudad de Acayucan, donde se dar\u00e1 aviso a sus representantes consulares para que realicen el reconocimiento de cada uno y puedan ser trasladados a su pa\u00eds de origen.<\/p>\n","protected":false},"excerpt":{"rendered":"<p>Una nicarag\u00fcense fue rescatada junto a otros 17 migrantes centroamericanos, cuando eran transportados en M\u00e9xico a bordo de cami\u00f3n con tr\u00e1iler en condiciones de hacinamiento, seg\u00fan autoridades del pa\u00eds azteca. Oficiales de la Polic\u00eda Federal Ministerial y Personal del Instituto Nacional de Migraci\u00f3n (INM), capturaron al presunto traficante de personas que llevaba a los 18 [&hellip;]<\/p>\n","protected":false},"author":1,"featured_media":37981,"comment_status":"open","ping_status":"open","sticky":false,"template":"","format":"standard","meta":{"om_disable_all_campaigns":false,"_monsterinsights_skip_tracking":false,"_monsterinsights_sitenote_active":false,"_monsterinsights_sitenote_note":"","_monsterinsights_sitenote_category":0,"footnotes":""},"categories":[16,3524],"tags":[],"class_list":["post-37980","post","type-post","status-publish","format-standard","has-post-thumbnail","hentry","category-migrante","category-noticas"],"aioseo_notices":[],"_links":{"self":[{"href":"https:\/\/elcronistadigital.com\/index.php?rest_route=\/wp\/v2\/posts\/37980","targetHints":{"allow":["GET"]}}],"collection":[{"href":"https:\/\/elcronistadigital.com\/index.php?rest_route=\/wp\/v2\/posts"}],"about":[{"href":"https:\/\/elcronistadigital.com\/index.php?rest_route=\/wp\/v2\/types\/post"}],"author":[{"embeddable":true,"href":"https:\/\/elcronistadigital.com\/index.php?rest_route=\/wp\/v2\/users\/1"}],"replies":[{"embeddable":true,"href":"https:\/\/elcronistadigital.com\/index.php?rest_route=%2Fwp%2Fv2%2Fcomments&post=37980"}],"version-history":[{"count":1,"href":"https:\/\/elcronistadigital.com\/index.php?rest_route=\/wp\/v2\/posts\/37980\/revisions"}],"predecessor-version":[{"id":37982,"href":"https:\/\/elcronistadigital.com\/index.php?rest_route=\/wp\/v2\/posts\/37980\/revisions\/37982"}],"wp:featuredmedia":[{"embeddable":true,"href":"https:\/\/elcronistadigital.com\/index.php?rest_route=\/wp\/v2\/media\/37981"}],"wp:attachment":[{"href":"https:\/\/elcronistadigital.com\/index.php?rest_route=%2Fwp%2Fv2%2Fmedia&parent=37980"}],"wp:term":[{"taxonomy":"category","embeddable":true,"href":"https:\/\/elcronistadigital.com\/index.php?rest_route=%2Fwp%2Fv2%2Fcategories&post=37980"},{"taxonomy":"post_tag","embeddable":true,"href":"https:\/\/elcronistadigital.com\/index.php?rest_route=%2Fwp%2Fv2%2Ftags&post=37980"}],"curies":[{"name":"wp","href":"https:\/\/api.w.org\/{rel}","templated":true}]}}