{"id":38312,"date":"2015-02-27T09:00:42","date_gmt":"2015-02-27T15:00:42","guid":{"rendered":"http:\/\/elcronistadigital.com\/?p=38312"},"modified":"2015-02-27T09:01:03","modified_gmt":"2015-02-27T15:01:03","slug":"vivir-en-san-andres-un-desastre-para-raizales","status":"publish","type":"post","link":"https:\/\/elcronistadigital.com\/?p=38312","title":{"rendered":"Vivir en San Andr\u00e9s, un desastre para raizales"},"content":{"rendered":"<p><strong><a href=\"https:\/\/elcronistadigital.com\/?attachment_id=38313\" rel=\"attachment wp-att-38313\"><img loading=\"lazy\" decoding=\"async\" class=\"alignleft size-full wp-image-38313\" alt=\"san andr\u00e9s\" src=\"https:\/\/elcronistadigital.com\/wp-content\/uploads\/2015\/02\/san-andr\u00e9s.jpg\" width=\"274\" height=\"184\" \/><\/a>* Habitantes originarios de la isla marchar\u00edan este viernes en demanda de mejoras sociales, empleo, salud e incluso agua potable. Sus problemas se remontan a mucho antes del fallo de la Corte Internacional de Justicia que devolvi\u00f3 a Nicaragua m\u00e1s de 90 mil km cuadrados de aguas caribe\u00f1as<\/strong><\/p>\n<p>El expansionismo de Colombia en d\u00e9cadas anteriores la tiene ahora en problemas al serle aplicadas las leyes internacionales con resultados negativos para ese pa\u00eds, como los reclamos de los habitantes originarios de San Andr\u00e9s, olvidados antes y despu\u00e9s del fallo de La Haya.<\/p>\n<p>Este viernes, los conocidos como \u201craizales\u201d, muchos de los cuales se consideran nicarag\u00fcenses debido a los nexos familiares que tienen con pobladores del Caribe pinolero, marchar\u00edan en protesta ante la indolencia del gobierno de Juan Manuel Santos, que ni siquiera tiene una estrategia clara para darles respuesta a sus problemas.<\/p>\n<p>Los raizales sienten que la vulneraci\u00f3n de sus derechos es pan de cada d\u00eda. Por eso los pastores y l\u00edderes espirituales convocaron a los sanandresanos a salir a marchar este viernes.<\/p>\n<p>Es por eso que los l\u00edderes espirituales juegan un papel importante en la toma de decisiones y son ellos los que, en este caso, convocan a la marcha. Todos, a las 4:00 p. m., saldr\u00e1n caminando en alabanza y oraci\u00f3n desde el aeropuerto Gustavo Rojas Pinilla hasta la sede de la gobernaci\u00f3n.<\/p>\n<p>Corine Berverly, vocera del movimiento Amen SD (Archipelago Movement for Ethnic Native Self-Determination) y miembro de la Autoridad Provisional Raizal, dijo que una de las razones de la marcha es la inseguridad que viven en la isla.<\/p>\n<p>\u201cLa gente ya no quiere salir de la casa debido al peligro. La delincuencia com\u00fan y las bandas criminales est\u00e1n intimidando cada d\u00eda m\u00e1s\u201d, dijo.<\/p>\n<p>Adem\u00e1s, por los abusos en las altas facturas por servicios p\u00fablicos, que para colmo son deficientes.<\/p>\n<p>\u201cEl agua que utilizamos es de nuestra propia tierra raizal, y aun as\u00ed a los raizales nos llega el agua una vez al mes y, tras de eso, hay que pagarla cara\u201d. El agua no es lo \u00fanico. Corine cont\u00f3 que solo el recibo de energ\u00eda le llegaba por m\u00e1s de 500.000 pesos.<\/p>\n<p>Pero hay m\u00e1s: Los sanandresanos est\u00e1n desempleados. \u201cEn nuestra isla hay muchas empresas tur\u00edsticas como hoteles Caribe, Decameron, On Vacation, entre otras, en donde no trabajan raizales. No est\u00e1 circulando dinero en el territorio. Las empresas vienen, sacan dinero de ac\u00e1, y a nosotros no nos queda nada, se lo ganan ellos\u201d, dijo.<\/p>\n<p>Y como si lo anterior no bastara, los raizales tambi\u00e9n aseguran que los servicios m\u00e9dicos son nefastos. \u201cEn la isla hay un solo hospital y un centro de salud que es privado. Somos casi 150.000 habitantes en un territorio que es muy peque\u00f1o. No hay d\u00f3nde atender a la gente\u201d, explic\u00f3 Corine.<\/p>\n<p>Y por \u00faltimo, el detonante de la marcha. Un caso de \u201cindignaci\u00f3n\u201d, a como lo define Corine. El caso de D\u00e9bora Nelson, una mujer que trabajaba en la Oficina de Control de Circulaci\u00f3n y Residencia (Occre) y que fue capturada por el Cuerpo T\u00e9cnico de Investigaci\u00f3n (CTI), hace m\u00e1s de siete meses por ser parte de una supuesta red de trata de blancas.<\/p>\n<p>Los raizales consideran que eso no es cierto. \u201cNosotros conocemos bien a D\u00e9bora, ella no tiene nada que ver en los delitos que le imputan. El gobierno no dice nada\u201d, asegur\u00f3. La marcha empezar\u00e1 en el aeropuerto, donde la capturaron. Los raizales quieren una respuesta frente al caso de esta mujer.<\/p>\n<p>Fuente: Semana.<\/p>\n","protected":false},"excerpt":{"rendered":"<p>* Habitantes originarios de la isla marchar\u00edan este viernes en demanda de mejoras sociales, empleo, salud e incluso agua potable. Sus problemas se remontan a mucho antes del fallo de la Corte Internacional de Justicia que devolvi\u00f3 a Nicaragua m\u00e1s de 90 mil km cuadrados de aguas caribe\u00f1as El expansionismo de Colombia en d\u00e9cadas anteriores [&hellip;]<\/p>\n","protected":false},"author":1,"featured_media":38313,"comment_status":"open","ping_status":"open","sticky":false,"template":"","format":"standard","meta":{"om_disable_all_campaigns":false,"_monsterinsights_skip_tracking":false,"_monsterinsights_sitenote_active":false,"_monsterinsights_sitenote_note":"","_monsterinsights_sitenote_category":0,"footnotes":""},"categories":[3524],"tags":[],"class_list":["post-38312","post","type-post","status-publish","format-standard","has-post-thumbnail","hentry","category-noticas"],"aioseo_notices":[],"_links":{"self":[{"href":"https:\/\/elcronistadigital.com\/index.php?rest_route=\/wp\/v2\/posts\/38312","targetHints":{"allow":["GET"]}}],"collection":[{"href":"https:\/\/elcronistadigital.com\/index.php?rest_route=\/wp\/v2\/posts"}],"about":[{"href":"https:\/\/elcronistadigital.com\/index.php?rest_route=\/wp\/v2\/types\/post"}],"author":[{"embeddable":true,"href":"https:\/\/elcronistadigital.com\/index.php?rest_route=\/wp\/v2\/users\/1"}],"replies":[{"embeddable":true,"href":"https:\/\/elcronistadigital.com\/index.php?rest_route=%2Fwp%2Fv2%2Fcomments&post=38312"}],"version-history":[{"count":2,"href":"https:\/\/elcronistadigital.com\/index.php?rest_route=\/wp\/v2\/posts\/38312\/revisions"}],"predecessor-version":[{"id":38315,"href":"https:\/\/elcronistadigital.com\/index.php?rest_route=\/wp\/v2\/posts\/38312\/revisions\/38315"}],"wp:featuredmedia":[{"embeddable":true,"href":"https:\/\/elcronistadigital.com\/index.php?rest_route=\/wp\/v2\/media\/38313"}],"wp:attachment":[{"href":"https:\/\/elcronistadigital.com\/index.php?rest_route=%2Fwp%2Fv2%2Fmedia&parent=38312"}],"wp:term":[{"taxonomy":"category","embeddable":true,"href":"https:\/\/elcronistadigital.com\/index.php?rest_route=%2Fwp%2Fv2%2Fcategories&post=38312"},{"taxonomy":"post_tag","embeddable":true,"href":"https:\/\/elcronistadigital.com\/index.php?rest_route=%2Fwp%2Fv2%2Ftags&post=38312"}],"curies":[{"name":"wp","href":"https:\/\/api.w.org\/{rel}","templated":true}]}}