{"id":38323,"date":"2015-02-27T10:51:44","date_gmt":"2015-02-27T16:51:44","guid":{"rendered":"http:\/\/elcronistadigital.com\/?p=38323"},"modified":"2015-02-27T10:51:44","modified_gmt":"2015-02-27T16:51:44","slug":"entierran-entre-principes-a-indigente-en-el-vaticano","status":"publish","type":"post","link":"https:\/\/elcronistadigital.com\/?p=38323","title":{"rendered":"Entierran entre pr\u00edncipes a indigente en el Vaticano"},"content":{"rendered":"<div id=\"attachment_38324\" style=\"width: 310px\" class=\"wp-caption alignright\"><a href=\"https:\/\/elcronistadigital.com\/?attachment_id=38324\" rel=\"attachment wp-att-38324\"><img loading=\"lazy\" decoding=\"async\" aria-describedby=\"caption-attachment-38324\" class=\"size-medium wp-image-38324\" alt=\"Willy Herteleer, el hombre sin techo del Vaticano.\" src=\"https:\/\/elcronistadigital.com\/wp-content\/uploads\/2015\/02\/WillyHerteleer-300x166.jpg\" width=\"300\" height=\"166\" srcset=\"https:\/\/elcronistadigital.com\/wp-content\/uploads\/2015\/02\/WillyHerteleer-300x166.jpg 300w, https:\/\/elcronistadigital.com\/wp-content\/uploads\/2015\/02\/WillyHerteleer-342x190.jpg 342w, https:\/\/elcronistadigital.com\/wp-content\/uploads\/2015\/02\/WillyHerteleer.jpg 680w\" sizes=\"auto, (max-width: 300px) 100vw, 300px\" \/><\/a><p id=\"caption-attachment-38324\" class=\"wp-caption-text\">Willy Herteleer, el hombre sin techo del Vaticano.<\/p><\/div>\n<p>El Papa Francisco ha dicho que sue\u00f1a \u00abuna Iglesia pobre para los pobres\u201d, pero jam\u00e1s en la historia un hombre sin techo hab\u00eda tenido el honor de ser enterrado en el suelo santo del Vaticano, y mucho menos al lado de pr\u00edncipes y nobles europeos del norte.<\/p>\n<p>Willy Herteleer, indigente de origen flamenco de m\u00e1s de ochenta a\u00f1os, fue enterrado el pasado 9 de enero en el Camposanto Teut\u00f3nico, ubicado cerca de la nueva Aula de audiencias del Vaticano con la autorizaci\u00f3n del Papa Francisco.<\/p>\n<p>El holand\u00e9s mendigaba desde hac\u00eda d\u00e9cadas en los alrededores de la Bas\u00edlica de San Pedro. Willy, como se le conoc\u00eda en las calles de Roma, hab\u00eda llegado hace m\u00e1s de tres d\u00e9cadas a la Ciudad Eterna cargado de sue\u00f1os como otros viajeros, pero perdi\u00f3 su trabajo y pas\u00f3 a vivir en la calle.<\/p>\n<p>La muerte de Willy no ser\u00eda noticia si no fuera porque fue enterrado en ese camposanto, originalmente destinado a los peregrinos ilustres del norte de Europa y que a lo largo de los siglos se volvi\u00f3 un lugar destinado a nobles, diplom\u00e1ticos y artistas, la mayor\u00eda teut\u00f3nicos, que mor\u00edan en Roma.<\/p>\n<p>Willy era conocido por su fervor religioso y visitaba casi todos los d\u00edas la Iglesia de Santa Ana, ubicada en uno de los ingresos de la ciudad del Vaticano, donde iba a misa. \u201cMi medicina es la comuni\u00f3n\u201d, dec\u00eda Herteleer.<\/p>\n<p>Monse\u00f1or Americo Ciani, can\u00f3nigo de la Bas\u00edlica Vaticana, lo recuerda como una persona con una fuerza moral aut\u00e9ntica debido a su \u201ccercan\u00eda con Dios\u201d a trav\u00e9s de la eucar\u00edstica. \u201cPreguntaba a las personas hac\u00eda cu\u00e1nto no se confesaban, hay que reconciliarse con Dios\u201d, a\u00f1adi\u00f3 el prelado.<\/p>\n<p>Herteleer falleci\u00f3 a inicios de diciembre en el hospital romano Santo Spirito y el 9 de enero fue la ceremonia en el cementerio teut\u00f3nico, presidida por monse\u00f1or Amerigo Ciani, acompa\u00f1ado por los can\u00f3nigos de la bas\u00edlica.<\/p>\n<p>De hecho, monse\u00f1or Ciani, que tiene como hobby la pintura y que le hab\u00eda retratado en dos ocasiones, fue quien se dio cuenta de que el mendigo evangelizador ya no estaba en la calle como siempre. As\u00ed, pidi\u00f3 noticias entres los mendigos de la zona y al conocer que estaba en la morgue lo hizo enterrar en el Vaticano.<\/p>\n<p>Willy hab\u00eda recibido hace algunos meses la oportunidad de entrar a una casa de reposo debido a su edad y estado, pero en cambio prefiri\u00f3 volver a la zona del Vaticano para evangelizar a otros mendigos que viven en la calle. De esta manera, volvi\u00f3 a dormir con otros indigentes en los diversos p\u00f3rticos de los edificios del Vaticano en v\u00eda de la Conciliaci\u00f3n.<\/p>\n<p>El cementerio donde ha sido enterrado Willy es la m\u00e1s antigua fundaci\u00f3n nacional alemana en Roma. El Camposanto est\u00e1 rodeado por un alto muro y, a primera vista, no llama la atenci\u00f3n, pero se trata de una parcela cargada de historia.<\/p>\n<p>La autorizaci\u00f3n del Papa de enterrar en el cementerio Teut\u00f3nico a Willy rompe con una tradici\u00f3n de siglos. Seg\u00fan los estatutos, los que ten\u00edan derecho a la sepultura eran los miembros de la Archicofrad\u00eda, los miembros de muchas casas religiosas de origen alem\u00e1n y de otros dos colegios alemanes en Roma: el de Santa Mar\u00eda del \u00c1nima y el Germ\u00e1nico.<\/p>\n<p>Los visitantes, adem\u00e1s de buscar a famosos del mundo eclesi\u00e1stico, art\u00edstico, pol\u00edtico o diplom\u00e1tico, ahora tendr\u00e1n la oportunidad de ver la tumba de un hombre como Willy, an\u00f3nimo para los ojos del mundo y pr\u00edncipe para Jes\u00fas:<\/p>\n<p>A continuaci\u00f3n, la lista de algunos personajes importantes enterrados en el cementerio Teut\u00f3nico:<\/p>\n<p>Willy Herteleer (ignota \u201312 de diciembre 2014), pr\u00edncipe de los \u00faltimos, amigo de Jes\u00fas.<br \/>\nJosef Anton Koch, pintor paisajista (+ 1839).<br \/>\nLudwig Curtius, arque\u00f3logo (+ 1954).<br \/>\nJohann Baptist Anzer, primer obispo misionero de los misioneros verbitas (+ 1903).<br \/>\nJoseph Spith\u00f6ver, decisivo promotor de la cultura alemana en Roma durante el XIX secolo (+ 1870).<br \/>\nStefan Andrei, escritor (+ 1970).<br \/>\nJohann Martin von Wagner, arque\u00f3logo y artista (+ 1858).<br \/>\nAnton de Waal, primer Rector del colegio (+ 1917)<br \/>\nEngelbert Kirschbaum, jesuita, arque\u00f3logo, colaborador determinante en el descubrimiento de la tumba de Pedro (+ 1970).<br \/>\nCard. Gustavo von Hohenlohe (+ 1896).<br \/>\nAugustin Theiner, Prefecto del Archivo Secreto Vaticano (+ 1874).<\/p>\n","protected":false},"excerpt":{"rendered":"<p>El Papa Francisco ha dicho que sue\u00f1a \u00abuna Iglesia pobre para los pobres\u201d, pero jam\u00e1s en la historia un hombre sin techo hab\u00eda tenido el honor de ser enterrado en el suelo santo del Vaticano, y mucho menos al lado de pr\u00edncipes y nobles europeos del norte. Willy Herteleer, indigente de origen flamenco de m\u00e1s [&hellip;]<\/p>\n","protected":false},"author":1,"featured_media":38324,"comment_status":"open","ping_status":"open","sticky":false,"template":"","format":"standard","meta":{"om_disable_all_campaigns":false,"_monsterinsights_skip_tracking":false,"_monsterinsights_sitenote_active":false,"_monsterinsights_sitenote_note":"","_monsterinsights_sitenote_category":0,"footnotes":""},"categories":[5],"tags":[],"class_list":["post-38323","post","type-post","status-publish","format-standard","has-post-thumbnail","hentry","category-mundo"],"aioseo_notices":[],"_links":{"self":[{"href":"https:\/\/elcronistadigital.com\/index.php?rest_route=\/wp\/v2\/posts\/38323","targetHints":{"allow":["GET"]}}],"collection":[{"href":"https:\/\/elcronistadigital.com\/index.php?rest_route=\/wp\/v2\/posts"}],"about":[{"href":"https:\/\/elcronistadigital.com\/index.php?rest_route=\/wp\/v2\/types\/post"}],"author":[{"embeddable":true,"href":"https:\/\/elcronistadigital.com\/index.php?rest_route=\/wp\/v2\/users\/1"}],"replies":[{"embeddable":true,"href":"https:\/\/elcronistadigital.com\/index.php?rest_route=%2Fwp%2Fv2%2Fcomments&post=38323"}],"version-history":[{"count":1,"href":"https:\/\/elcronistadigital.com\/index.php?rest_route=\/wp\/v2\/posts\/38323\/revisions"}],"predecessor-version":[{"id":38325,"href":"https:\/\/elcronistadigital.com\/index.php?rest_route=\/wp\/v2\/posts\/38323\/revisions\/38325"}],"wp:featuredmedia":[{"embeddable":true,"href":"https:\/\/elcronistadigital.com\/index.php?rest_route=\/wp\/v2\/media\/38324"}],"wp:attachment":[{"href":"https:\/\/elcronistadigital.com\/index.php?rest_route=%2Fwp%2Fv2%2Fmedia&parent=38323"}],"wp:term":[{"taxonomy":"category","embeddable":true,"href":"https:\/\/elcronistadigital.com\/index.php?rest_route=%2Fwp%2Fv2%2Fcategories&post=38323"},{"taxonomy":"post_tag","embeddable":true,"href":"https:\/\/elcronistadigital.com\/index.php?rest_route=%2Fwp%2Fv2%2Ftags&post=38323"}],"curies":[{"name":"wp","href":"https:\/\/api.w.org\/{rel}","templated":true}]}}