{"id":38369,"date":"2015-03-02T15:15:59","date_gmt":"2015-03-02T21:15:59","guid":{"rendered":"http:\/\/elcronistadigital.com\/?p=38369"},"modified":"2015-03-02T15:16:52","modified_gmt":"2015-03-02T21:16:52","slug":"mision-del-fmi-en-nicaragua","status":"publish","type":"post","link":"https:\/\/elcronistadigital.com\/?p=38369","title":{"rendered":"Misi\u00f3n del FMI en Nicaragua"},"content":{"rendered":"<div id=\"attachment_38370\" style=\"width: 310px\" class=\"wp-caption alignleft\"><a href=\"https:\/\/elcronistadigital.com\/?attachment_id=38370\" rel=\"attachment wp-att-38370\"><img loading=\"lazy\" decoding=\"async\" aria-describedby=\"caption-attachment-38370\" class=\"size-medium wp-image-38370\" alt=\"Zhu Min, subdirector del FMI encabeza la delegaci\u00f3n de ese organismo internacional que visita Nicaragua.\" src=\"https:\/\/elcronistadigital.com\/wp-content\/uploads\/2015\/03\/Zhu-Min-300x199.jpg\" width=\"300\" height=\"199\" srcset=\"https:\/\/elcronistadigital.com\/wp-content\/uploads\/2015\/03\/Zhu-Min-300x199.jpg 300w, https:\/\/elcronistadigital.com\/wp-content\/uploads\/2015\/03\/Zhu-Min-342x227.jpg 342w, https:\/\/elcronistadigital.com\/wp-content\/uploads\/2015\/03\/Zhu-Min.jpg 850w\" sizes=\"auto, (max-width: 300px) 100vw, 300px\" \/><\/a><p id=\"caption-attachment-38370\" class=\"wp-caption-text\">Zhu Min, subdirector del FMI encabeza la delegaci\u00f3n de ese organismo internacional que visita Nicaragua.<\/p><\/div>\n<p>Una misi\u00f3n especial del Fondo Monetario Internacional (FMI) arribar\u00eda a Nicaragua este martes a fin de evaluar el estado de la econom\u00eda en el pa\u00eds, para la cual los miembros del grupo se reunir\u00e1n con diferentes sectores.<\/p>\n<p>Ovidio Reyes, presidente del Banco Central de Nicaragua (BCN), dijo que los personeros del FMI estar\u00e1n de visita en Nicaragua durante 10 d\u00edas, y se reunir\u00edan este martes por la ma\u00f1ana con el Equipo Econ\u00f3mico de Gobierno que dirige el presidente Daniel Ortega.<\/p>\n<p>\u201cEsta misi\u00f3n lo que har\u00e1 es evaluar el estado de la econom\u00eda: \u00bfC\u00f3mo finaliz\u00f3 el 2014?, y las perspectivas del 2015\u201d, detall\u00f3 Reyes.<\/p>\n<p>Tambi\u00e9n ampli\u00f3 que se les estar\u00e1 presentando un diagn\u00f3stico sobre el estado de la econom\u00eda nicarag\u00fcense, el cual se publicar\u00e1 en la p\u00e1gina web del BCN durante los pr\u00f3ximos d\u00edas.<\/p>\n<p>\u201cVamos a intercambiar ideas con ellos, y vamos a escuchar cu\u00e1les son sus consideraciones\u201d, refiri\u00f3.<\/p>\n<p>La misi\u00f3n del FMI, vendr\u00e1 encabezada por el Vicedirector de este organismo internacional, Se\u00f1or Min Zhu, quien estar\u00e1 en Nicaragua durante el primer d\u00eda de la visita, sosteniendo un encuentro con el sector p\u00fablico, privado y universitario.<\/p>\n","protected":false},"excerpt":{"rendered":"<p>Una misi\u00f3n especial del Fondo Monetario Internacional (FMI) arribar\u00eda a Nicaragua este martes a fin de evaluar el estado de la econom\u00eda en el pa\u00eds, para la cual los miembros del grupo se reunir\u00e1n con diferentes sectores. Ovidio Reyes, presidente del Banco Central de Nicaragua (BCN), dijo que los personeros del FMI estar\u00e1n de visita [&hellip;]<\/p>\n","protected":false},"author":1,"featured_media":38370,"comment_status":"open","ping_status":"open","sticky":false,"template":"","format":"standard","meta":{"om_disable_all_campaigns":false,"_monsterinsights_skip_tracking":false,"_monsterinsights_sitenote_active":false,"_monsterinsights_sitenote_note":"","_monsterinsights_sitenote_category":0,"footnotes":""},"categories":[4,3524,13],"tags":[1405,4121,4122],"class_list":["post-38369","post","type-post","status-publish","format-standard","has-post-thumbnail","hentry","category-economia","category-noticas","category-portada","tag-fmi","tag-fmi-en-nicaragua","tag-fondo-monetario-internacional"],"aioseo_notices":[],"_links":{"self":[{"href":"https:\/\/elcronistadigital.com\/index.php?rest_route=\/wp\/v2\/posts\/38369","targetHints":{"allow":["GET"]}}],"collection":[{"href":"https:\/\/elcronistadigital.com\/index.php?rest_route=\/wp\/v2\/posts"}],"about":[{"href":"https:\/\/elcronistadigital.com\/index.php?rest_route=\/wp\/v2\/types\/post"}],"author":[{"embeddable":true,"href":"https:\/\/elcronistadigital.com\/index.php?rest_route=\/wp\/v2\/users\/1"}],"replies":[{"embeddable":true,"href":"https:\/\/elcronistadigital.com\/index.php?rest_route=%2Fwp%2Fv2%2Fcomments&post=38369"}],"version-history":[{"count":2,"href":"https:\/\/elcronistadigital.com\/index.php?rest_route=\/wp\/v2\/posts\/38369\/revisions"}],"predecessor-version":[{"id":38372,"href":"https:\/\/elcronistadigital.com\/index.php?rest_route=\/wp\/v2\/posts\/38369\/revisions\/38372"}],"wp:featuredmedia":[{"embeddable":true,"href":"https:\/\/elcronistadigital.com\/index.php?rest_route=\/wp\/v2\/media\/38370"}],"wp:attachment":[{"href":"https:\/\/elcronistadigital.com\/index.php?rest_route=%2Fwp%2Fv2%2Fmedia&parent=38369"}],"wp:term":[{"taxonomy":"category","embeddable":true,"href":"https:\/\/elcronistadigital.com\/index.php?rest_route=%2Fwp%2Fv2%2Fcategories&post=38369"},{"taxonomy":"post_tag","embeddable":true,"href":"https:\/\/elcronistadigital.com\/index.php?rest_route=%2Fwp%2Fv2%2Ftags&post=38369"}],"curies":[{"name":"wp","href":"https:\/\/api.w.org\/{rel}","templated":true}]}}