{"id":38649,"date":"2015-03-17T09:55:10","date_gmt":"2015-03-17T15:55:10","guid":{"rendered":"http:\/\/elcronistadigital.com\/?p=38649"},"modified":"2015-03-17T09:55:10","modified_gmt":"2015-03-17T15:55:10","slug":"se-fue-pepe-mujica","status":"publish","type":"post","link":"https:\/\/elcronistadigital.com\/?p=38649","title":{"rendered":"Se fue Pepe Mujica"},"content":{"rendered":"<div id=\"attachment_38651\" style=\"width: 310px\" class=\"wp-caption alignleft\"><a href=\"https:\/\/elcronistadigital.com\/?attachment_id=38651\" rel=\"attachment wp-att-38651\"><img loading=\"lazy\" decoding=\"async\" aria-describedby=\"caption-attachment-38651\" class=\"size-medium wp-image-38651\" alt=\"Pepe Mujica, el inefable ex presidente de Uruguay.\" src=\"https:\/\/elcronistadigital.com\/wp-content\/uploads\/2015\/03\/Pepe-Mujica-Small-300x205.jpg\" width=\"300\" height=\"205\" srcset=\"https:\/\/elcronistadigital.com\/wp-content\/uploads\/2015\/03\/Pepe-Mujica-Small-300x205.jpg 300w, https:\/\/elcronistadigital.com\/wp-content\/uploads\/2015\/03\/Pepe-Mujica-Small-342x234.jpg 342w, https:\/\/elcronistadigital.com\/wp-content\/uploads\/2015\/03\/Pepe-Mujica-Small.jpg 701w\" sizes=\"auto, (max-width: 300px) 100vw, 300px\" \/><\/a><p id=\"caption-attachment-38651\" class=\"wp-caption-text\">Pepe Mujica, el inefable ex presidente de Uruguay.<\/p><\/div>\n<p>Rub\u00e9n Aguilar Valenzuela<\/p>\n<p>El estilo personal de Jos\u00e9 Mujica (79), el presidente del Uruguay (2010-2015), marc\u00f3 una \u00e9poca no s\u00f3lo en su pa\u00eds sino tambi\u00e9n en Latinoam\u00e9rica y el mundo. En los cinco a\u00f1os de gesti\u00f3n, que dej\u00f3 el pasado domingo 29 de febrero, su gobierno se caracteriz\u00f3 por la austeridad, sencillez, ruptura de protocolos y esquemas, cercan\u00eda con la gente y una agenda progresista.<\/p>\n<p>Fiel a s\u00ed mismo, tras entregar la bandera presidencial, \u00e9l y su esposa la senadora Luc\u00eda Topolansky (1944) se montaron en su Volkswagen modelo 1987, que se ha hecho mundialmente famoso, y manej\u00f3 hasta su peque\u00f1a chacra, con una casa de menos de 80 metros construidos, que tiene a las afueras de Montevideo.<\/p>\n<p>Su estilo presidencial, que escandaliz\u00f3 a muchos, lo convirti\u00f3 en un \u00edcono mundial que asusta a buena aparte de los pol\u00edticos del mundo. El soci\u00f3logo argentino Alberto Fari\u00f1a plantea bien la dimensi\u00f3n de Mujica cuando afirma que \u201cal comparar a un tipo como el presidente uruguayo y su comportamiento y ver lo que pasa con el resto de sus colegas de la regi\u00f3n, casi todos con alguna causa de corrupci\u00f3n en su haber o en sus cercan\u00edas, se llega a la conclusi\u00f3n de que lo de Mujica y su honestidad es verdaderamente revolucionario\u201d.<\/p>\n<p>En los a\u00f1os 60 se integr\u00f3 al Movimiento de Liberaci\u00f3n Nacional-Tupamaros. Fue herido en combates. Apresado cuatro veces y, en dos oportunidades, se fug\u00f3 de la c\u00e1rcel. Mujica, en total, pas\u00f3 casi quince a\u00f1os de su vida en prisi\u00f3n. El \u00faltimo periodo de 1972 a 1985. Fue uno de los dirigentes tupamaros que la dictadura c\u00edvico-militar tom\u00f3 como rehenes, lo que significaba que ser\u00edan ejecutados en caso de que su organizaci\u00f3n retomara las acciones armadas. En condici\u00f3n de aislamiento permaneci\u00f3 11 a\u00f1os.<\/p>\n<p>En la fiesta de despedida en la plaza p\u00fablica dijo a los asistentes \u201cno me voy, estoy llegando, me ir\u00e9 con el \u00faltimo aliento y donde est\u00e9, estar\u00e9 por ti, estar\u00e9 contigo, porque es la forma superior de estar con la vida\u201d y a\u00f1adi\u00f3 \u201csi tuviera dos vidas las gastar\u00eda enteras en ayudar en t\u00fa lucha, porque es la forma m\u00e1s grande de querer la vida que he podido encontrar a lo largo de mis casi 80 a\u00f1os\u201d. As\u00ed se va, pero no se va, el nuevo senador. Lo vamos a extra\u00f1ar.<\/p>\n<p>En noviembre del 2006, durante la XVI Cumbre Iberoamericana de Jefes de Estado y de Gobierno, que se realiz\u00f3 en Montevideo, pude reunirme con Mujica, en ese entonces ministro de Ganader\u00eda, Agricultura y Pesca, la embajadora de M\u00e9xico en Uruguay, Perla Carvallo, me lo present\u00f3 y platiqu\u00e9 con \u00e9l. Le coment\u00e9 que yo tambi\u00e9n hab\u00eda estado en la guerrilla. Me dijo que deb\u00edamos incrementar las relaciones entre los dos pa\u00edses. Ya en ese momento todos hablaban de su forma de ser. Me impresion\u00f3 su sencillez y bonhom\u00eda.<\/p>\n","protected":false},"excerpt":{"rendered":"<p>Rub\u00e9n Aguilar Valenzuela El estilo personal de Jos\u00e9 Mujica (79), el presidente del Uruguay (2010-2015), marc\u00f3 una \u00e9poca no s\u00f3lo en su pa\u00eds sino tambi\u00e9n en Latinoam\u00e9rica y el mundo. En los cinco a\u00f1os de gesti\u00f3n, que dej\u00f3 el pasado domingo 29 de febrero, su gobierno se caracteriz\u00f3 por la austeridad, sencillez, ruptura de protocolos [&hellip;]<\/p>\n","protected":false},"author":1,"featured_media":38651,"comment_status":"open","ping_status":"open","sticky":false,"template":"","format":"standard","meta":{"om_disable_all_campaigns":false,"_monsterinsights_skip_tracking":false,"_monsterinsights_sitenote_active":false,"_monsterinsights_sitenote_note":"","_monsterinsights_sitenote_category":0,"footnotes":""},"categories":[12],"tags":[],"class_list":["post-38649","post","type-post","status-publish","format-standard","has-post-thumbnail","hentry","category-blugs"],"aioseo_notices":[],"_links":{"self":[{"href":"https:\/\/elcronistadigital.com\/index.php?rest_route=\/wp\/v2\/posts\/38649","targetHints":{"allow":["GET"]}}],"collection":[{"href":"https:\/\/elcronistadigital.com\/index.php?rest_route=\/wp\/v2\/posts"}],"about":[{"href":"https:\/\/elcronistadigital.com\/index.php?rest_route=\/wp\/v2\/types\/post"}],"author":[{"embeddable":true,"href":"https:\/\/elcronistadigital.com\/index.php?rest_route=\/wp\/v2\/users\/1"}],"replies":[{"embeddable":true,"href":"https:\/\/elcronistadigital.com\/index.php?rest_route=%2Fwp%2Fv2%2Fcomments&post=38649"}],"version-history":[{"count":1,"href":"https:\/\/elcronistadigital.com\/index.php?rest_route=\/wp\/v2\/posts\/38649\/revisions"}],"predecessor-version":[{"id":38652,"href":"https:\/\/elcronistadigital.com\/index.php?rest_route=\/wp\/v2\/posts\/38649\/revisions\/38652"}],"wp:featuredmedia":[{"embeddable":true,"href":"https:\/\/elcronistadigital.com\/index.php?rest_route=\/wp\/v2\/media\/38651"}],"wp:attachment":[{"href":"https:\/\/elcronistadigital.com\/index.php?rest_route=%2Fwp%2Fv2%2Fmedia&parent=38649"}],"wp:term":[{"taxonomy":"category","embeddable":true,"href":"https:\/\/elcronistadigital.com\/index.php?rest_route=%2Fwp%2Fv2%2Fcategories&post=38649"},{"taxonomy":"post_tag","embeddable":true,"href":"https:\/\/elcronistadigital.com\/index.php?rest_route=%2Fwp%2Fv2%2Ftags&post=38649"}],"curies":[{"name":"wp","href":"https:\/\/api.w.org\/{rel}","templated":true}]}}