{"id":38698,"date":"2015-03-19T10:20:06","date_gmt":"2015-03-19T16:20:06","guid":{"rendered":"http:\/\/elcronistadigital.com\/?p=38698"},"modified":"2015-03-19T10:20:06","modified_gmt":"2015-03-19T16:20:06","slug":"desorientacion-animal-por-cambio-climatico","status":"publish","type":"post","link":"https:\/\/elcronistadigital.com\/?p=38698","title":{"rendered":"Desorientaci\u00f3n animal por cambio clim\u00e1tico"},"content":{"rendered":"<p><a href=\"https:\/\/elcronistadigital.com\/?attachment_id=38699\" rel=\"attachment wp-att-38699\"><img loading=\"lazy\" decoding=\"async\" class=\"alignleft size-medium wp-image-38699\" alt=\"ballena\" src=\"https:\/\/elcronistadigital.com\/wp-content\/uploads\/2015\/03\/ballena-300x198.jpg\" width=\"300\" height=\"198\" srcset=\"https:\/\/elcronistadigital.com\/wp-content\/uploads\/2015\/03\/ballena-300x198.jpg 300w, https:\/\/elcronistadigital.com\/wp-content\/uploads\/2015\/03\/ballena-342x225.jpg 342w, https:\/\/elcronistadigital.com\/wp-content\/uploads\/2015\/03\/ballena.jpg 569w\" sizes=\"auto, (max-width: 300px) 100vw, 300px\" \/><\/a>Delfines desorientados que llegaron a morir a costas nicarag\u00fcenses y una ballena que qued\u00f3 varada tras perseguir card\u00famenes de peces, son algunos de los fen\u00f3menos asociados al cambio de clima en el planeta y que desde hace varios a\u00f1os afectan a nuestro pa\u00eds.<\/p>\n<p>Marlon Alfaro, especialista del Marena, se\u00f1ala que no solo factores antropog\u00e9nicos (provocados por el hombre) est\u00e1n causando un impacto en la biodiversidad de Nicaragua y dem\u00e1s pa\u00edses del mundo, sino tambi\u00e9n factores ambientales y clim\u00e1ticos globales.<\/p>\n<p>Alfaro detall\u00f3 que Nicaragua es un pa\u00eds que cuenta con una biodiversidad compuesta por 20 mil 485 especies, las cuales est\u00e1n siendo afectadas por fen\u00f3menos naturales y clim\u00e1ticos como el recalentamiento global (causado por emisiones de gases de tipo invernaderos).<\/p>\n<p>\u00abEn las zonas costeras, el incremento de la temperatura causa efectos sobre la biodiversidad. Los peces son uno de los grupos m\u00e1s sensibles al cambio de temperatura\u00bb, explic\u00f3.<\/p>\n<p>Indic\u00f3 que este cambio de temperatura, tambi\u00e9n afecta a los arrecifes coralinos, los cuales adquieren un color extra\u00f1amente blanco.<\/p>\n<p>\u00abLos arrecifes coralinos son ecosistemas muy productivos de los que dependen gran cantidad de vida marina, y al morir afectan a un conjunto de especies que dependen de ellos\u00bb, se\u00f1al\u00f3.<\/p>\n<p>Muerte de delfines en el Pac\u00edfico<\/p>\n<p>El especialista, record\u00f3 que hace algunos a\u00f1os, en las costas de Poneloya, se registr\u00f3 la muerte de varios delfines.<\/p>\n<p>\u00abEstas especies se orientan a trav\u00e9s de un fen\u00f3meno fisiol\u00f3gico llamado ecolocalizaci\u00f3n (emisi\u00f3n de ondas sonoras y el incremento de las temperaturas y la intensidad de los vientos, provoc\u00f3 su desorientaci\u00f3n\u00bb, sostuvo.<\/p>\n<p>Tambi\u00e9n record\u00f3 que en el a\u00f1o pasado, en Rivas, se encontr\u00f3 una ballena varada, la cual persiguiendo card\u00famenes, se acerc\u00f3 mucho a la costa.<\/p>\n<p>El especialista en biodiversidad, explic\u00f3 que tambi\u00e9n las aves son v\u00edctimas del cambio clim\u00e1tico.<\/p>\n<p>\u00abConfunden los periodos de migraci\u00f3n, y emigran a sitios de reproducci\u00f3n en \u00e9pocas en que no hay disponibilidad de alimentos, y muchas especies mueren\u00bb, indic\u00f3.<\/p>\n<p>Alfaro reiter\u00f3 que hay un conjunto de fen\u00f3menos clim\u00e1ticos y ambientales que est\u00e1n afectando a nuestra fauna.<\/p>\n<p>\u00abLas medidas de adaptaci\u00f3n ante el cambio clim\u00e1tico nos ha llevado como Gobierno Sandinista a impulsar una Gran Cruzada Nacional de Reforestaci\u00f3n, y obras de cosecha de agua\u00bb, refiri\u00f3.<\/p>\n<p>El Xolotl\u00e1n eutrofizado<\/p>\n<p>En tanto, la delegada departamental del Marena en Managua, Natalhia Castell\u00f3n, dio a conocer un estudio cient\u00edfico que revela que la muerte de m\u00e1s de 3 mil peces en el lago Xolotl\u00e1n, hace alg\u00fan tiempo, fue producto de una eutrofizaci\u00f3n (exceso de nutrientes) del cuerpo de agua.<\/p>\n<p>\u00abEn \u00e9poca de verano hay altas temperaturas, y por consiguiente se dan pocos vientos y oleajes; esto provoca que el lago tenga poca oxigenaci\u00f3n, y hay crecimiento de algas, no hay penetraci\u00f3n de los rayos solares y esto provoca aturdimiento en la reproducci\u00f3n de los peces, y en algunos casos la muerte\u00bb, explic\u00f3.<\/p>\n<p>Indic\u00f3 que este es un proceso natural; aunque el exceso de nutrientes tiene que ver con el manejo de los agroqu\u00edmicos y los fertilizantes.<\/p>\n<p>\u00abNuestro Gobierno, a trav\u00e9s del Marena, fomenta valores hacia peque\u00f1os productores de comunidades que est\u00e1n en las zonas costeras para el buen uso de los fertilizantes, porque sabemos que en \u00e9pocas lluviosas estos fertilizantes llegan a caer al lago\u00bb, advirti\u00f3.<\/p>\n<p>De acuerdo a los Observatorios Ambientales y las tomas de muestras que se hicieron en el Xolotl\u00e1n en puntos espec\u00edficos, se identific\u00f3 que el lago estaba eutrofizado.<\/p>\n<p>Nicol\u00e1s Murillo, especialista acu\u00edcola de la Direcci\u00f3n de Biodiversidad del Marena, inform\u00f3 que de la mayor\u00eda de especies afectadas en el Xolotl\u00e1n, pertenecen a las tilapias, mojarras y guapotes.<\/p>\n","protected":false},"excerpt":{"rendered":"<p>Delfines desorientados que llegaron a morir a costas nicarag\u00fcenses y una ballena que qued\u00f3 varada tras perseguir card\u00famenes de peces, son algunos de los fen\u00f3menos asociados al cambio de clima en el planeta y que desde hace varios a\u00f1os afectan a nuestro pa\u00eds. Marlon Alfaro, especialista del Marena, se\u00f1ala que no solo factores antropog\u00e9nicos (provocados [&hellip;]<\/p>\n","protected":false},"author":1,"featured_media":38699,"comment_status":"open","ping_status":"open","sticky":false,"template":"","format":"standard","meta":{"om_disable_all_campaigns":false,"_monsterinsights_skip_tracking":false,"_monsterinsights_sitenote_active":false,"_monsterinsights_sitenote_note":"","_monsterinsights_sitenote_category":0,"footnotes":""},"categories":[8,3524,13],"tags":[4178,3080,837,4176,4177],"class_list":["post-38698","post","type-post","status-publish","format-standard","has-post-thumbnail","hentry","category-medio-ambiente","category-noticas","category-portada","tag-ballena-varada-en-nicaragua","tag-ballenas","tag-cambio-climatico","tag-delfines","tag-delfines-varados"],"aioseo_notices":[],"_links":{"self":[{"href":"https:\/\/elcronistadigital.com\/index.php?rest_route=\/wp\/v2\/posts\/38698","targetHints":{"allow":["GET"]}}],"collection":[{"href":"https:\/\/elcronistadigital.com\/index.php?rest_route=\/wp\/v2\/posts"}],"about":[{"href":"https:\/\/elcronistadigital.com\/index.php?rest_route=\/wp\/v2\/types\/post"}],"author":[{"embeddable":true,"href":"https:\/\/elcronistadigital.com\/index.php?rest_route=\/wp\/v2\/users\/1"}],"replies":[{"embeddable":true,"href":"https:\/\/elcronistadigital.com\/index.php?rest_route=%2Fwp%2Fv2%2Fcomments&post=38698"}],"version-history":[{"count":1,"href":"https:\/\/elcronistadigital.com\/index.php?rest_route=\/wp\/v2\/posts\/38698\/revisions"}],"predecessor-version":[{"id":38700,"href":"https:\/\/elcronistadigital.com\/index.php?rest_route=\/wp\/v2\/posts\/38698\/revisions\/38700"}],"wp:featuredmedia":[{"embeddable":true,"href":"https:\/\/elcronistadigital.com\/index.php?rest_route=\/wp\/v2\/media\/38699"}],"wp:attachment":[{"href":"https:\/\/elcronistadigital.com\/index.php?rest_route=%2Fwp%2Fv2%2Fmedia&parent=38698"}],"wp:term":[{"taxonomy":"category","embeddable":true,"href":"https:\/\/elcronistadigital.com\/index.php?rest_route=%2Fwp%2Fv2%2Fcategories&post=38698"},{"taxonomy":"post_tag","embeddable":true,"href":"https:\/\/elcronistadigital.com\/index.php?rest_route=%2Fwp%2Fv2%2Ftags&post=38698"}],"curies":[{"name":"wp","href":"https:\/\/api.w.org\/{rel}","templated":true}]}}