{"id":38745,"date":"2015-03-23T16:22:55","date_gmt":"2015-03-23T22:22:55","guid":{"rendered":"http:\/\/elcronistadigital.com\/?p=38745"},"modified":"2015-03-23T16:22:55","modified_gmt":"2015-03-23T22:22:55","slug":"taiwan-invita-a-concurso-internacional-de-escultura-de-madera","status":"publish","type":"post","link":"https:\/\/elcronistadigital.com\/?p=38745","title":{"rendered":"Taiw\u00e1n invita a concurso internacional de Escultura de Madera"},"content":{"rendered":"<p><a href=\"https:\/\/elcronistadigital.com\/?attachment_id=38746\" rel=\"attachment wp-att-38746\"><img loading=\"lazy\" decoding=\"async\" class=\"alignleft size-full wp-image-38746\" alt=\"cristo\" src=\"https:\/\/elcronistadigital.com\/wp-content\/uploads\/2015\/03\/cristo.jpg\" width=\"343\" height=\"514\" srcset=\"https:\/\/elcronistadigital.com\/wp-content\/uploads\/2015\/03\/cristo.jpg 343w, https:\/\/elcronistadigital.com\/wp-content\/uploads\/2015\/03\/cristo-200x300.jpg 200w, https:\/\/elcronistadigital.com\/wp-content\/uploads\/2015\/03\/cristo-342x512.jpg 342w, https:\/\/elcronistadigital.com\/wp-content\/uploads\/2015\/03\/cristo-300x449.jpg 300w\" sizes=\"auto, (max-width: 343px) 100vw, 343px\" \/><\/a>Para promover la herencia y la innovaci\u00f3n en el arte de la escultura de madera, as\u00ed como el intercambio cultural con los artistas del mundo, el Museo de Escultura de Madera Sanyi, la Alcald\u00eda de Miaol\u00ed y el Consejo de Cultura de Taiw\u00e1n, convocan a la \u201cCompetencia Internacional de Escultura en Madera Taiw\u00e1n 2015\u201d.<\/p>\n<p>En el 2014 se realiz\u00f3 por primera vez este concurso, en el cual solo Ecuador particip\u00f3 en representaci\u00f3n de Latinoam\u00e9rica, y donde el escultor Jorge Luis Villalba Ter\u00e1n obtuvo el segundo lugar, siendo hasta hoy el logro m\u00e1s importante de cualquier escultor del Ecuador en el extranjero.<\/p>\n<p>Los artistas deber\u00e1n presentar sus esculturas con las siguientes medidas (alto x ancho x profundidad) y quedar\u00e1n comprendidas entre los 60cm. a 150 cm., deber\u00e1n ser de creaci\u00f3n individual y original, que haya sido elaborada en los \u00faltimos dos a\u00f1os y no haber participado en ninguna otra competici\u00f3n ni exhibici\u00f3n. Cada artista podr\u00e1 presentar hasta dos esculturas.<\/p>\n<p>La selecci\u00f3n consta de dos etapas, en la primera, que es preliminar, se env\u00eda \u00fanicamente la ficha t\u00e9cnica de la(s) obra(s) participante(s), durante el per\u00edodo del 1 de mayo al 6 de junio de 2015, detallando tanto la nacionalidad del autor como el t\u00edtulo y el tipo del material de la obra, las medidas y la imagen (fotos de 4 por 6 pulgadas tomadas desde los 4 lados).<\/p>\n<p>En la segunda etapa se har\u00e1 la selecci\u00f3n final, en la cual se notificar\u00e1 a los participantes cuyas obras fueran seleccionadas para proceder con el env\u00edo f\u00edsico de las obras, a partir del 8 de junio hasta el 12 de julio del 2015. Cabe indicar que tanto el embalaje como el costo de env\u00edo y eventual contrato de seguro de las obras, correr\u00e1n por cuenta de los participantes.<\/p>\n<p>El primer lugar ganar\u00e1 NT$ 500.000 (equivalente a unos 16 mil d\u00f3lares estadounidenses), el segundo lugar NT$ 300.000, los dos terceros lugares NT$ 200.000 cada uno, y las dos obras m\u00e1s elogiadas NT$100.000 (equivalente a unos 3 mil d\u00f3lares estadounidenses) cada una, adem\u00e1s de su respectivo certificado. Las obras ganadoras de los tres primeros premios quedar\u00e1n para el museo como parte de su colecci\u00f3n permanente. Todas las dem\u00e1s obras participantes ser\u00e1n devueltas despu\u00e9s de la exposici\u00f3n.<\/p>\n<p>Los interesados pueden consultar la p\u00e1gina web: http:\/\/wood.mlc.gov.tw\/english\/board\/board01_01.asp para obtener la informaci\u00f3n y descargar las bases del concurso, as\u00ed como las fechas y lugar de entrega. O pueden comunicarse con el Sr. Fidel Tsao, Primer Secretario de esta Sede Diplom\u00e1tica, llamando al (505)2277-1333.<\/p>\n","protected":false},"excerpt":{"rendered":"<p>Para promover la herencia y la innovaci\u00f3n en el arte de la escultura de madera, as\u00ed como el intercambio cultural con los artistas del mundo, el Museo de Escultura de Madera Sanyi, la Alcald\u00eda de Miaol\u00ed y el Consejo de Cultura de Taiw\u00e1n, convocan a la \u201cCompetencia Internacional de Escultura en Madera Taiw\u00e1n 2015\u201d. En [&hellip;]<\/p>\n","protected":false},"author":1,"featured_media":38746,"comment_status":"open","ping_status":"open","sticky":false,"template":"","format":"standard","meta":{"om_disable_all_campaigns":false,"_monsterinsights_skip_tracking":false,"_monsterinsights_sitenote_active":false,"_monsterinsights_sitenote_note":"","_monsterinsights_sitenote_category":0,"footnotes":""},"categories":[10,3524],"tags":[],"class_list":["post-38745","post","type-post","status-publish","format-standard","has-post-thumbnail","hentry","category-cultura","category-noticas"],"aioseo_notices":[],"_links":{"self":[{"href":"https:\/\/elcronistadigital.com\/index.php?rest_route=\/wp\/v2\/posts\/38745","targetHints":{"allow":["GET"]}}],"collection":[{"href":"https:\/\/elcronistadigital.com\/index.php?rest_route=\/wp\/v2\/posts"}],"about":[{"href":"https:\/\/elcronistadigital.com\/index.php?rest_route=\/wp\/v2\/types\/post"}],"author":[{"embeddable":true,"href":"https:\/\/elcronistadigital.com\/index.php?rest_route=\/wp\/v2\/users\/1"}],"replies":[{"embeddable":true,"href":"https:\/\/elcronistadigital.com\/index.php?rest_route=%2Fwp%2Fv2%2Fcomments&post=38745"}],"version-history":[{"count":1,"href":"https:\/\/elcronistadigital.com\/index.php?rest_route=\/wp\/v2\/posts\/38745\/revisions"}],"predecessor-version":[{"id":38747,"href":"https:\/\/elcronistadigital.com\/index.php?rest_route=\/wp\/v2\/posts\/38745\/revisions\/38747"}],"wp:featuredmedia":[{"embeddable":true,"href":"https:\/\/elcronistadigital.com\/index.php?rest_route=\/wp\/v2\/media\/38746"}],"wp:attachment":[{"href":"https:\/\/elcronistadigital.com\/index.php?rest_route=%2Fwp%2Fv2%2Fmedia&parent=38745"}],"wp:term":[{"taxonomy":"category","embeddable":true,"href":"https:\/\/elcronistadigital.com\/index.php?rest_route=%2Fwp%2Fv2%2Fcategories&post=38745"},{"taxonomy":"post_tag","embeddable":true,"href":"https:\/\/elcronistadigital.com\/index.php?rest_route=%2Fwp%2Fv2%2Ftags&post=38745"}],"curies":[{"name":"wp","href":"https:\/\/api.w.org\/{rel}","templated":true}]}}