{"id":38758,"date":"2015-03-24T07:54:07","date_gmt":"2015-03-24T13:54:07","guid":{"rendered":"http:\/\/elcronistadigital.com\/?p=38758"},"modified":"2015-03-24T07:54:07","modified_gmt":"2015-03-24T13:54:07","slug":"gobierno-bajara-tarifa-de-energia-electrica","status":"publish","type":"post","link":"https:\/\/elcronistadigital.com\/?p=38758","title":{"rendered":"Gobierno bajar\u00e1 tarifa de energ\u00eda el\u00e9ctrica"},"content":{"rendered":"<p><a href=\"https:\/\/elcronistadigital.com\/?attachment_id=38759\" rel=\"attachment wp-att-38759\"><img loading=\"lazy\" decoding=\"async\" class=\"alignleft size-medium wp-image-38759\" alt=\"energ\u00eda-el\u00e9ctrica\" src=\"https:\/\/elcronistadigital.com\/wp-content\/uploads\/2015\/03\/energ\u00eda-el\u00e9ctrica-300x191.jpg\" width=\"300\" height=\"191\" srcset=\"https:\/\/elcronistadigital.com\/wp-content\/uploads\/2015\/03\/energ\u00eda-el\u00e9ctrica-300x191.jpg 300w, https:\/\/elcronistadigital.com\/wp-content\/uploads\/2015\/03\/energ\u00eda-el\u00e9ctrica-342x218.jpg 342w, https:\/\/elcronistadigital.com\/wp-content\/uploads\/2015\/03\/energ\u00eda-el\u00e9ctrica.jpg 1024w\" sizes=\"auto, (max-width: 300px) 100vw, 300px\" \/><\/a>El presidente de Nicaragua, Daniel Ortega envi\u00f3 el lunes a la Asamblea Nacional una propuesta de ley para que se reduzca \u201ccon car\u00e1cter de urgencia\u201d, la tarifa de energ\u00eda el\u00e9ctrica a todos los usuarios, incluidos los que consumen 150 kilovatios por hora\/mes.<\/p>\n<p>La portavoz del gobierno, Rosario Murillo, dijo que \u201clo m\u00e1s importante para las familias, para los consumidores residenciales que han estado con una tarifa congelada, los que consumen hasta 150 KW\u201d es que no van a pagar m\u00e1s y hasta pueden pagar menos.<\/p>\n<p>Murillo indic\u00f3 que el mandatario estuvo reunido todo el lunes con el Gabinete de Energ\u00eda, haciendo las consideraciones y an\u00e1lisis, y al final de la tarde emiti\u00f3 la iniciativa de Ley solicit\u00e1ndole tr\u00e1mite de urgencia a la Asamblea Nacional, donde fue recibida a las 7:40 de la noche.<\/p>\n<p>En la iniciativa de ley se se\u00f1ala que los precios internacionales del petr\u00f3leo crudo WTI USGC, el fuel oil (bunker) para generaci\u00f3n de energ\u00eda el\u00e9ctrica, en el mercado actual han sufrido variaci\u00f3n, haciendo necesaria una revisi\u00f3n en el precio de la tarifa de la energ\u00eda el\u00e9ctrica, lo que impactar\u00eda directamente en los consumidores.<\/p>\n<p>Igualmente se indica que el gobierno sandinista tiene como uno de sus grandes objetivos el combate a la pobreza, eje fundamental de la pol\u00edtica p\u00fablica, a la par de un objetivo estrat\u00e9gico que es impulsar una econom\u00eda en crecimiento equitativa y sostenible, lo cual requiere la convergencia de todos los actores a fin de contribuir al desarrollo econ\u00f3mico social del pa\u00eds.<\/p>\n","protected":false},"excerpt":{"rendered":"<p>El presidente de Nicaragua, Daniel Ortega envi\u00f3 el lunes a la Asamblea Nacional una propuesta de ley para que se reduzca \u201ccon car\u00e1cter de urgencia\u201d, la tarifa de energ\u00eda el\u00e9ctrica a todos los usuarios, incluidos los que consumen 150 kilovatios por hora\/mes. La portavoz del gobierno, Rosario Murillo, dijo que \u201clo m\u00e1s importante para las [&hellip;]<\/p>\n","protected":false},"author":1,"featured_media":38759,"comment_status":"open","ping_status":"open","sticky":false,"template":"","format":"standard","meta":{"om_disable_all_campaigns":false,"_monsterinsights_skip_tracking":false,"_monsterinsights_sitenote_active":false,"_monsterinsights_sitenote_note":"","_monsterinsights_sitenote_category":0,"footnotes":""},"categories":[4,3524],"tags":[2511,4207,4205,1029,4206],"class_list":["post-38758","post","type-post","status-publish","format-standard","has-post-thumbnail","hentry","category-economia","category-noticas","tag-alba-petroleo","tag-barril-de-petroleo","tag-energia-electrica","tag-precios-del-petroleo","tag-tarifa-de-energia"],"aioseo_notices":[],"_links":{"self":[{"href":"https:\/\/elcronistadigital.com\/index.php?rest_route=\/wp\/v2\/posts\/38758","targetHints":{"allow":["GET"]}}],"collection":[{"href":"https:\/\/elcronistadigital.com\/index.php?rest_route=\/wp\/v2\/posts"}],"about":[{"href":"https:\/\/elcronistadigital.com\/index.php?rest_route=\/wp\/v2\/types\/post"}],"author":[{"embeddable":true,"href":"https:\/\/elcronistadigital.com\/index.php?rest_route=\/wp\/v2\/users\/1"}],"replies":[{"embeddable":true,"href":"https:\/\/elcronistadigital.com\/index.php?rest_route=%2Fwp%2Fv2%2Fcomments&post=38758"}],"version-history":[{"count":1,"href":"https:\/\/elcronistadigital.com\/index.php?rest_route=\/wp\/v2\/posts\/38758\/revisions"}],"predecessor-version":[{"id":38760,"href":"https:\/\/elcronistadigital.com\/index.php?rest_route=\/wp\/v2\/posts\/38758\/revisions\/38760"}],"wp:featuredmedia":[{"embeddable":true,"href":"https:\/\/elcronistadigital.com\/index.php?rest_route=\/wp\/v2\/media\/38759"}],"wp:attachment":[{"href":"https:\/\/elcronistadigital.com\/index.php?rest_route=%2Fwp%2Fv2%2Fmedia&parent=38758"}],"wp:term":[{"taxonomy":"category","embeddable":true,"href":"https:\/\/elcronistadigital.com\/index.php?rest_route=%2Fwp%2Fv2%2Fcategories&post=38758"},{"taxonomy":"post_tag","embeddable":true,"href":"https:\/\/elcronistadigital.com\/index.php?rest_route=%2Fwp%2Fv2%2Ftags&post=38758"}],"curies":[{"name":"wp","href":"https:\/\/api.w.org\/{rel}","templated":true}]}}