{"id":38797,"date":"2015-03-25T11:17:42","date_gmt":"2015-03-25T17:17:42","guid":{"rendered":"http:\/\/elcronistadigital.com\/?p=38797"},"modified":"2015-03-25T11:17:42","modified_gmt":"2015-03-25T17:17:42","slug":"pleno-de-rae-se-reune-en-castilla-la-mancha","status":"publish","type":"post","link":"https:\/\/elcronistadigital.com\/?p=38797","title":{"rendered":"Pleno de RAE se re\u00fane en Castilla-La Mancha"},"content":{"rendered":"<p><em><strong><a href=\"https:\/\/elcronistadigital.com\/?attachment_id=38798\" rel=\"attachment wp-att-38798\"><img loading=\"lazy\" decoding=\"async\" class=\"alignleft size-medium wp-image-38798\" alt=\"Miguel de Cervantes Saavedra\" src=\"https:\/\/elcronistadigital.com\/wp-content\/uploads\/2015\/03\/Miguel-de-Cervantes-Saavedra-232x300.jpg\" width=\"232\" height=\"300\" srcset=\"https:\/\/elcronistadigital.com\/wp-content\/uploads\/2015\/03\/Miguel-de-Cervantes-Saavedra-232x300.jpg 232w, https:\/\/elcronistadigital.com\/wp-content\/uploads\/2015\/03\/Miguel-de-Cervantes-Saavedra-794x1024.jpg 794w, https:\/\/elcronistadigital.com\/wp-content\/uploads\/2015\/03\/Miguel-de-Cervantes-Saavedra-300x386.jpg 300w, https:\/\/elcronistadigital.com\/wp-content\/uploads\/2015\/03\/Miguel-de-Cervantes-Saavedra.jpg 893w\" sizes=\"auto, (max-width: 232px) 100vw, 232px\" \/><\/a>* Celebrar\u00e1n en Argamasilla los 400 a\u00f1os de la publicaci\u00f3n del Quijote, donde estuvo Rub\u00e9n Dar\u00edo en 1905. De ese viaje dej\u00f3 constancia en un art\u00edculo publicado en La Naci\u00f3n de Buenos Aires con el t\u00edtulo \u201c&#8217;En tierra de don Quijote\u201d<\/strong><\/em><\/p>\n<p>La Real Academia Espa\u00f1ola (RAE) celebrar\u00e1 este jueves 26 de marzo su habitual reuni\u00f3n del Pleno en la localidad de Argamasilla de Alba (Ciudad Real) y lo har\u00e1 de cara al p\u00fablico, con motivo de la celebraci\u00f3n del cuarto centenario de la publicaci\u00f3n de la segunda parte del Quijote.<\/p>\n<p>Este pleno, al igual que el que tuvo lugar en C\u00e1diz en 2012, se har\u00e1 excepcionalmente en p\u00fablico y podr\u00e1 seguirse en directo a trav\u00e9s del canal de la RAE en Youtube.<\/p>\n<p>El enclave escogido es, junto con Alc\u00e1zar de San Juan, Campo de Criptana, Esquivias y El Toboso, uno de los lugares que forman parte de la denominada Ruta del Quijote. Su primer destino de este viaje ser\u00e1 Toledo, donde la presidenta de la Comunidad de Castilla-La Mancha, Mar\u00eda Dolores de Cospedal, recibir\u00e1 a los acad\u00e9micos en el Palacio de Fuensalida, sede del Gobierno.<\/p>\n<p>Desde all\u00ed, viajar\u00e1n hacia Alc\u00e1zar de San Juan (Ciudad Real), donde posar\u00e1n para las c\u00e1maras ante los molinos de viento del cerro de San Ant\u00f3n, para continuar hasta Argamasilla de Alba.<\/p>\n<p>All\u00ed est\u00e1 prevista una visita a la Casa de Medrano, donde se encuentra la cueva en la que, seg\u00fan la tradici\u00f3n, estuvo preso Miguel de Cervantes. Despu\u00e9s, a las 18.30 horas, se celebrar\u00e1 un pleno extraordinario en el teatro auditorio de la localidad en homenaje al autor del Quijote por invitaci\u00f3n del Ayuntamiento de Argamasilla de Alba.<\/p>\n<p>Tras la reciente aparici\u00f3n del Quijote popular y escolar, bajo la direcci\u00f3n del acad\u00e9mico Arturo P\u00e9rez-Reverte, en la primavera de 2015 la Biblioteca Cl\u00e1sica de la RAE publicar\u00e1 una nueva edici\u00f3n de la obra, a cargo del acad\u00e9mico Francisco Rico, quien ya dirigi\u00f3 la conmemorativa de 2004.<\/p>\n<p>Entre los miembros de la RAE que tuvieron relaci\u00f3n en el pasado con Argamasilla de Alba destacan Juan Eugenio Hartzenbusch (1806-1880), autor del pr\u00f3logo de una edici\u00f3n del Quijote impresa en este mismo lugar por Manuel Rivadeneyra en 1863, y Azor\u00edn (1873-1867), cuyas cr\u00f3nicas en &#8216;El Imparcial&#8217; \u2014aparecidas en 1905 con motivo del tricentenario de la obra cervantina\u2014 dieron origen a su libro La ruta del Quijote, seg\u00fan destaca la instituci\u00f3n.<\/p>\n<p>Tambi\u00e9n el poeta nicarag\u00fcense Rub\u00e9n Dar\u00edo (1867-1916) hizo entonces un viaje a Argamasilla del que dej\u00f3 constancia en el art\u00edculo titulado &#8216;En tierra de don Quijote&#8217;, publicado en &#8216;La Naci\u00f3n de Buenos Aires&#8217; el 9 de abril de 1905.<\/p>\n<div id=\"attachment_38799\" style=\"width: 310px\" class=\"wp-caption alignright\"><a href=\"https:\/\/elcronistadigital.com\/?attachment_id=38799\" rel=\"attachment wp-att-38799\"><img loading=\"lazy\" decoding=\"async\" aria-describedby=\"caption-attachment-38799\" class=\"size-medium wp-image-38799\" alt=\"Casa de Medrano, donde se asegura estuvo preso Miguel de Cervantes Saavedra.\" src=\"https:\/\/elcronistadigital.com\/wp-content\/uploads\/2015\/03\/casa-de-medrano-300x199.jpg\" width=\"300\" height=\"199\" srcset=\"https:\/\/elcronistadigital.com\/wp-content\/uploads\/2015\/03\/casa-de-medrano-300x199.jpg 300w, https:\/\/elcronistadigital.com\/wp-content\/uploads\/2015\/03\/casa-de-medrano-342x227.jpg 342w, https:\/\/elcronistadigital.com\/wp-content\/uploads\/2015\/03\/casa-de-medrano.jpg 539w\" sizes=\"auto, (max-width: 300px) 100vw, 300px\" \/><\/a><p id=\"caption-attachment-38799\" class=\"wp-caption-text\">Casa de Medrano, donde se asegura estuvo preso Miguel de Cervantes Saavedra.<\/p><\/div>\n<p>M\u00e1s recientemente, el 18 de octubre de 2005, el acad\u00e9mico y premio nobel de literatura Mario Vargas Llosa visit\u00f3 la Casa de Medrano y firm\u00f3 en su libro de honor. SILLA &#8216;F&#8217; Tal y como han indicado a Europa Press fuentes de la RAE, tras finalizar el plazo el pasado lunes para presentar candidaturas a la silla &#8216;F&#8217;, vacante desde 2013 por la muerte de Jos\u00e9 Saramago, el Pleno dar\u00e1 a conocer este jueves los nombres de las personas que optar\u00e1n a ocupar este sill\u00f3n.<\/p>\n<p>El cineasta Manuel Guti\u00e9rrez Arag\u00f3n ha sido presentado como candidato a ocupar la silla &#8216;F&#8217;, tal y como confirm\u00f3 a Europa Press, a propuesta de los escritores Luis Mateo D\u00edez y Jos\u00e9 Mar\u00eda Merino y el historiador Jos\u00e9 Manuel S\u00e1nchez Ron.<\/p>\n<p>Est\u00e1 previsto que la votaci\u00f3n se lleve a cabo el 16 de abril. Asimismo, el Bolet\u00edn Oficial del Estado (BOE) ha publicado esta semana la convocatoria para la provisi\u00f3n de la plaza acad\u00e9mica correspondiente a la silla &#8216;U&#8217;, vacante desde el fallecimiento de Eduardo Garc\u00eda de Enterr\u00eda (1923-2013) el 16 de septiembre de 2013.<\/p>\n<p>La RAE cuenta con un total de 46 sillas acad\u00e9micas. Actualmente, adem\u00e1s de las letras &#8216;F&#8217; y &#8216;U&#8217;, est\u00e1n vacantes las correspondientes a las letras &#8216;H&#8217;, &#8216;S&#8217; y &#8216;K&#8217;, cuyos \u00faltimos titulares fueron Mart\u00edn de Riquer, Jos\u00e9 Luis Pinillos y Ana Mar\u00eda Matute, respectivamente.<\/p>\n","protected":false},"excerpt":{"rendered":"<p>* Celebrar\u00e1n en Argamasilla los 400 a\u00f1os de la publicaci\u00f3n del Quijote, donde estuvo Rub\u00e9n Dar\u00edo en 1905. De ese viaje dej\u00f3 constancia en un art\u00edculo publicado en La Naci\u00f3n de Buenos Aires con el t\u00edtulo \u201c&#8217;En tierra de don Quijote\u201d La Real Academia Espa\u00f1ola (RAE) celebrar\u00e1 este jueves 26 de marzo su habitual reuni\u00f3n [&hellip;]<\/p>\n","protected":false},"author":1,"featured_media":38799,"comment_status":"open","ping_status":"open","sticky":false,"template":"","format":"standard","meta":{"om_disable_all_campaigns":false,"_monsterinsights_skip_tracking":false,"_monsterinsights_sitenote_active":false,"_monsterinsights_sitenote_note":"","_monsterinsights_sitenote_category":0,"footnotes":""},"categories":[10,3524,13],"tags":[4253,4250,4252,4251,4249,4064,1707],"class_list":["post-38797","post","type-post","status-publish","format-standard","has-post-thumbnail","hentry","category-cultura","category-noticas","category-portada","tag-argamasilla-de-alba","tag-casa-de-meddrano","tag-castilla-la-mancha","tag-manco-de-lepanto","tag-miguel-de-cervantes-saavedra","tag-rae","tag-ruben-dario"],"aioseo_notices":[],"_links":{"self":[{"href":"https:\/\/elcronistadigital.com\/index.php?rest_route=\/wp\/v2\/posts\/38797","targetHints":{"allow":["GET"]}}],"collection":[{"href":"https:\/\/elcronistadigital.com\/index.php?rest_route=\/wp\/v2\/posts"}],"about":[{"href":"https:\/\/elcronistadigital.com\/index.php?rest_route=\/wp\/v2\/types\/post"}],"author":[{"embeddable":true,"href":"https:\/\/elcronistadigital.com\/index.php?rest_route=\/wp\/v2\/users\/1"}],"replies":[{"embeddable":true,"href":"https:\/\/elcronistadigital.com\/index.php?rest_route=%2Fwp%2Fv2%2Fcomments&post=38797"}],"version-history":[{"count":1,"href":"https:\/\/elcronistadigital.com\/index.php?rest_route=\/wp\/v2\/posts\/38797\/revisions"}],"predecessor-version":[{"id":38800,"href":"https:\/\/elcronistadigital.com\/index.php?rest_route=\/wp\/v2\/posts\/38797\/revisions\/38800"}],"wp:featuredmedia":[{"embeddable":true,"href":"https:\/\/elcronistadigital.com\/index.php?rest_route=\/wp\/v2\/media\/38799"}],"wp:attachment":[{"href":"https:\/\/elcronistadigital.com\/index.php?rest_route=%2Fwp%2Fv2%2Fmedia&parent=38797"}],"wp:term":[{"taxonomy":"category","embeddable":true,"href":"https:\/\/elcronistadigital.com\/index.php?rest_route=%2Fwp%2Fv2%2Fcategories&post=38797"},{"taxonomy":"post_tag","embeddable":true,"href":"https:\/\/elcronistadigital.com\/index.php?rest_route=%2Fwp%2Fv2%2Ftags&post=38797"}],"curies":[{"name":"wp","href":"https:\/\/api.w.org\/{rel}","templated":true}]}}