{"id":38801,"date":"2015-03-25T16:33:24","date_gmt":"2015-03-25T22:33:24","guid":{"rendered":"http:\/\/elcronistadigital.com\/?p=38801"},"modified":"2015-03-25T16:33:24","modified_gmt":"2015-03-25T22:33:24","slug":"980-mil-beneficiados-por-rebaja-de-tarifa-electrica","status":"publish","type":"post","link":"https:\/\/elcronistadigital.com\/?p=38801","title":{"rendered":"980 mil beneficiados por rebaja de tarifa el\u00e9ctrica"},"content":{"rendered":"<p><a href=\"https:\/\/elcronistadigital.com\/?attachment_id=38802\" rel=\"attachment wp-att-38802\"><img loading=\"lazy\" decoding=\"async\" class=\"alignleft size-medium wp-image-38802\" alt=\"electricidad\" src=\"https:\/\/elcronistadigital.com\/wp-content\/uploads\/2015\/03\/electricidad-300x225.jpg\" width=\"300\" height=\"225\" srcset=\"https:\/\/elcronistadigital.com\/wp-content\/uploads\/2015\/03\/electricidad-300x225.jpg 300w, https:\/\/elcronistadigital.com\/wp-content\/uploads\/2015\/03\/electricidad-342x256.jpg 342w, https:\/\/elcronistadigital.com\/wp-content\/uploads\/2015\/03\/electricidad-60x45.jpg 60w, https:\/\/elcronistadigital.com\/wp-content\/uploads\/2015\/03\/electricidad-150x113.jpg 150w, https:\/\/elcronistadigital.com\/wp-content\/uploads\/2015\/03\/electricidad-269x201.jpg 269w, https:\/\/elcronistadigital.com\/wp-content\/uploads\/2015\/03\/electricidad.jpg 800w\" sizes=\"auto, (max-width: 300px) 100vw, 300px\" \/><\/a>La reducci\u00f3n de la tarifa de la energ\u00eda el\u00e9ctrica, aprobada este mi\u00e9rcoles por la Asamblea Nacional, beneficiar\u00e1 a m\u00e1s de 980 mil familias, a trav\u00e9s de un porcentaje que ser\u00e1 calculado por t\u00e9cnicos y especialistas del INE y el Ministerio de Energ\u00eda y Minas.<\/p>\n<p>En total, unos 52 tipos de tarifas entrar\u00e1n al c\u00e1lculo de reducci\u00f3n, rubro al que se ha destinado el 35% de lo ahorrado por el pa\u00eds por la disminuci\u00f3n de los precios del petr\u00f3leo, otro 35% ir\u00e1 a programas de combate a la pobreza y el resto al pago del subsidio aprobado en a\u00f1os anteriores.<\/p>\n<p>El coordinador de la bancada sandinista, Edwin Castro, sostuvo que cada uno de los abonados al sistema el\u00e9ctrico tendr\u00e1 una reducci\u00f3n real e inmediata en el pago del servicio.<\/p>\n<p>\u201cTambi\u00e9n tendr\u00e1n una reducci\u00f3n las cooperativas, las peque\u00f1as empresas, los productores peque\u00f1os, medianos, los consumidores medios y grandes, las grandes empresas, es decir, todos salieron beneficiados, lo importante es que todos, todos son beneficiados y adem\u00e1s se sigue combatiendo la pobreza\u201d, se\u00f1al\u00f3 Castro, quien calific\u00f3 de inaudito, que los 23 diputados de la bancada del PLI-MRS se hayan opuesto a que se redujera la tarifa.<\/p>\n<p>El legislador Douglas Alem\u00e1n, del sector productivo en el departamento de Chontales, indic\u00f3 que centenares de fincas ganaderas, lecheras y plantas procesadoras ver\u00e1n reducidos sus costos de producci\u00f3n, al pagar un poco menos por energ\u00eda el\u00e9ctrica.<\/p>\n<p>\u201cEn t\u00e9rminos generales esta es una ley que beneficia a todos los sectores del pa\u00eds y si lo ves de manera econ\u00f3mica, todo beneficio que le traslad\u00e1s a los consumidores, lo que hace es elevar su poder adquisitivo que redunda en consumo de productos nuestros como empresarios. Si una familia va a tener ahorro en energ\u00eda, va a tener posibilidades de comprar m\u00e1s leche, m\u00e1s carne\u201d, indic\u00f3 Alem\u00e1n.<\/p>\n<p>En tanto, el diputado W\u00e1lmaro Guti\u00e9rrez se\u00f1al\u00f3 que la ley garantiza el crecimiento econ\u00f3mico y brinda estabilidad al sector energ\u00e9tico y que los fondos que ser\u00e1n dirigidos a los programas de reducci\u00f3n de pobreza no constituyen ning\u00fan tributo o impuesto, como han pretendido se\u00f1alar algunos legisladores liberales.<\/p>\n<p>El diputado liberal Wilfredo Navarro, manifest\u00f3 que al reducirse la tarifa, los sectores empresariales y productivos tendr\u00edan que bajar en la medida de lo posible los costos de algunos alimentos o servicios.<\/p>\n<p>\u201cLa responsabilidad social debe estar en la reducci\u00f3n de los precios ante esta reducci\u00f3n, al reducir la energ\u00eda tiene un efecto multiplicador de reducci\u00f3n en los costos de producci\u00f3n\u201d, se\u00f1al\u00f3 Navarro.<\/p>\n","protected":false},"excerpt":{"rendered":"<p>La reducci\u00f3n de la tarifa de la energ\u00eda el\u00e9ctrica, aprobada este mi\u00e9rcoles por la Asamblea Nacional, beneficiar\u00e1 a m\u00e1s de 980 mil familias, a trav\u00e9s de un porcentaje que ser\u00e1 calculado por t\u00e9cnicos y especialistas del INE y el Ministerio de Energ\u00eda y Minas. En total, unos 52 tipos de tarifas entrar\u00e1n al c\u00e1lculo de [&hellip;]<\/p>\n","protected":false},"author":1,"featured_media":38802,"comment_status":"open","ping_status":"open","sticky":false,"template":"","format":"standard","meta":{"om_disable_all_campaigns":false,"_monsterinsights_skip_tracking":false,"_monsterinsights_sitenote_active":false,"_monsterinsights_sitenote_note":"","_monsterinsights_sitenote_category":0,"footnotes":""},"categories":[3524,13],"tags":[298,4256,4258,4257,4260,3144,4254,4255,4259],"class_list":["post-38801","post","type-post","status-publish","format-standard","has-post-thumbnail","hentry","category-noticas","category-portada","tag-daniel-ortega","tag-enel","tag-ine","tag-ministerio-de-minas","tag-mrs","tag-pli","tag-rebajan-tarifa-ele","tag-tarifa-electrica","tag-walmaro-gutierrez"],"aioseo_notices":[],"_links":{"self":[{"href":"https:\/\/elcronistadigital.com\/index.php?rest_route=\/wp\/v2\/posts\/38801","targetHints":{"allow":["GET"]}}],"collection":[{"href":"https:\/\/elcronistadigital.com\/index.php?rest_route=\/wp\/v2\/posts"}],"about":[{"href":"https:\/\/elcronistadigital.com\/index.php?rest_route=\/wp\/v2\/types\/post"}],"author":[{"embeddable":true,"href":"https:\/\/elcronistadigital.com\/index.php?rest_route=\/wp\/v2\/users\/1"}],"replies":[{"embeddable":true,"href":"https:\/\/elcronistadigital.com\/index.php?rest_route=%2Fwp%2Fv2%2Fcomments&post=38801"}],"version-history":[{"count":1,"href":"https:\/\/elcronistadigital.com\/index.php?rest_route=\/wp\/v2\/posts\/38801\/revisions"}],"predecessor-version":[{"id":38803,"href":"https:\/\/elcronistadigital.com\/index.php?rest_route=\/wp\/v2\/posts\/38801\/revisions\/38803"}],"wp:featuredmedia":[{"embeddable":true,"href":"https:\/\/elcronistadigital.com\/index.php?rest_route=\/wp\/v2\/media\/38802"}],"wp:attachment":[{"href":"https:\/\/elcronistadigital.com\/index.php?rest_route=%2Fwp%2Fv2%2Fmedia&parent=38801"}],"wp:term":[{"taxonomy":"category","embeddable":true,"href":"https:\/\/elcronistadigital.com\/index.php?rest_route=%2Fwp%2Fv2%2Fcategories&post=38801"},{"taxonomy":"post_tag","embeddable":true,"href":"https:\/\/elcronistadigital.com\/index.php?rest_route=%2Fwp%2Fv2%2Ftags&post=38801"}],"curies":[{"name":"wp","href":"https:\/\/api.w.org\/{rel}","templated":true}]}}