{"id":38804,"date":"2015-03-25T16:45:18","date_gmt":"2015-03-25T22:45:18","guid":{"rendered":"http:\/\/elcronistadigital.com\/?p=38804"},"modified":"2015-03-25T16:45:18","modified_gmt":"2015-03-25T22:45:18","slug":"construiran-carretera-ticuantepe-san-judas-nejapa","status":"publish","type":"post","link":"https:\/\/elcronistadigital.com\/?p=38804","title":{"rendered":"Construir\u00e1n carretera Ticuantepe-San Judas-Nejapa"},"content":{"rendered":"<p><a href=\"https:\/\/elcronistadigital.com\/?attachment_id=38805\" rel=\"attachment wp-att-38805\"><img loading=\"lazy\" decoding=\"async\" class=\"alignleft size-medium wp-image-38805\" alt=\"carretera a Masaya\" src=\"https:\/\/elcronistadigital.com\/wp-content\/uploads\/2015\/03\/carretera-a-Masaya-300x200.jpg\" width=\"300\" height=\"200\" srcset=\"https:\/\/elcronistadigital.com\/wp-content\/uploads\/2015\/03\/carretera-a-Masaya-300x200.jpg 300w, https:\/\/elcronistadigital.com\/wp-content\/uploads\/2015\/03\/carretera-a-Masaya-342x228.jpg 342w, https:\/\/elcronistadigital.com\/wp-content\/uploads\/2015\/03\/carretera-a-Masaya.jpg 500w\" sizes=\"auto, (max-width: 300px) 100vw, 300px\" \/><\/a>Si todo marcha como se espera, la carretera a Masaya se ver\u00e1 descongestionada a mediano plazo con la construcci\u00f3n de una v\u00eda que arrancar\u00e1 de la rotonda de Ticuantepe hacia el barrio San Judas, y de ah\u00ed se unir\u00e1 con el sector de Nejapa.<\/p>\n<p>Una misi\u00f3n de trabajo del Ministerio de Tierra, Infraestructura y Transporte de la Rep\u00fablica de Corea, present\u00f3 este mi\u00e9rcoles al Ministerio de Transporte e Infraestructura (MTI), un plan maestro para mejorar la red vial de Nicaragua en un plazo de veinte a\u00f1os.<\/p>\n<p>El estudio de prefactibilidad presentado por los especialistas coreanos, proyecta fortalecer la red vial en la carretera Ticuantepe-San Judas-Nejapa, permitiendo descongestionar el tr\u00e1fico vehicular y propiciar mayor seguridad en la capital, indic\u00f3 el viceministro del MTI, Amadeo Santana.<\/p>\n<p>\u201cEl Plan Maestro Vial tambi\u00e9n nos indica que necesitamos establecer prioridades en la parte de construcciones nuevas (sector rural-urbano productivo), y establecer una conectividad vial con la costa Caribe\u201d, se\u00f1al\u00f3.<\/p>\n<p>El se\u00f1or Kwonil Jung, responsable de los estudios de este plan, explic\u00f3 que el mismo mostrar\u00e1 una idea conceptual de manera sistem\u00e1tica de la red vial de Nicaragua. Adem\u00e1s explic\u00f3 que el informe final de dichos estudios se presentar\u00e1 \u2013como una consulta bilateral con el MTI y el Ministerio de Hacienda y Cr\u00e9dito P\u00fablico- el pr\u00f3ximo mes.<\/p>\n<p>Santana indic\u00f3 que de los 8 mil 500 kil\u00f3metros que tiene Nicaragua de carreteras en la Red Vial B\u00e1sica, se van a priorizar ejes de producci\u00f3n y desarrollo econ\u00f3mico social.<\/p>\n<p>\u201cTenemos que rehabilitar, pavimentar y construir 4 mil 500 kil\u00f3metros de carreteras, en un plazo de 20 a\u00f1os, lo cual depender\u00e1 de los fondos que vayamos asegurando\u201d, refiri\u00f3.<\/p>\n<p>Inform\u00f3 que existe una intenci\u00f3n entre la Rep\u00fablica de Corea y la Rep\u00fablica de Nicaragua, de llevar a cabo el financiamiento para construir estas obras.<\/p>\n<p>\u201cEstamos hablando de una carretera de 4 carriles, 2 pasos a desnivel y 18 intersecciones, los cuales estar\u00edan construidos antes de 2021\u201d, expuso el compa\u00f1ero Amadeo Santana, quien adem\u00e1s detall\u00f3 que -de acuerdo a las estimaciones- estos proyectos llevar\u00edan una inversi\u00f3n superior a los 70 millones de d\u00f3lares.<\/p>\n","protected":false},"excerpt":{"rendered":"<p>Si todo marcha como se espera, la carretera a Masaya se ver\u00e1 descongestionada a mediano plazo con la construcci\u00f3n de una v\u00eda que arrancar\u00e1 de la rotonda de Ticuantepe hacia el barrio San Judas, y de ah\u00ed se unir\u00e1 con el sector de Nejapa. Una misi\u00f3n de trabajo del Ministerio de Tierra, Infraestructura y Transporte [&hellip;]<\/p>\n","protected":false},"author":1,"featured_media":38805,"comment_status":"open","ping_status":"open","sticky":false,"template":"","format":"standard","meta":{"om_disable_all_campaigns":false,"_monsterinsights_skip_tracking":false,"_monsterinsights_sitenote_active":false,"_monsterinsights_sitenote_note":"","_monsterinsights_sitenote_category":0,"footnotes":""},"categories":[3524,13],"tags":[966,4264,4262,4261,4263],"class_list":["post-38804","post","type-post","status-publish","format-standard","has-post-thumbnail","hentry","category-noticas","category-portada","tag-carretera-a-masaya","tag-mti","tag-nejapa","tag-san-judas","tag-ticuantepe"],"aioseo_notices":[],"_links":{"self":[{"href":"https:\/\/elcronistadigital.com\/index.php?rest_route=\/wp\/v2\/posts\/38804","targetHints":{"allow":["GET"]}}],"collection":[{"href":"https:\/\/elcronistadigital.com\/index.php?rest_route=\/wp\/v2\/posts"}],"about":[{"href":"https:\/\/elcronistadigital.com\/index.php?rest_route=\/wp\/v2\/types\/post"}],"author":[{"embeddable":true,"href":"https:\/\/elcronistadigital.com\/index.php?rest_route=\/wp\/v2\/users\/1"}],"replies":[{"embeddable":true,"href":"https:\/\/elcronistadigital.com\/index.php?rest_route=%2Fwp%2Fv2%2Fcomments&post=38804"}],"version-history":[{"count":1,"href":"https:\/\/elcronistadigital.com\/index.php?rest_route=\/wp\/v2\/posts\/38804\/revisions"}],"predecessor-version":[{"id":38806,"href":"https:\/\/elcronistadigital.com\/index.php?rest_route=\/wp\/v2\/posts\/38804\/revisions\/38806"}],"wp:featuredmedia":[{"embeddable":true,"href":"https:\/\/elcronistadigital.com\/index.php?rest_route=\/wp\/v2\/media\/38805"}],"wp:attachment":[{"href":"https:\/\/elcronistadigital.com\/index.php?rest_route=%2Fwp%2Fv2%2Fmedia&parent=38804"}],"wp:term":[{"taxonomy":"category","embeddable":true,"href":"https:\/\/elcronistadigital.com\/index.php?rest_route=%2Fwp%2Fv2%2Fcategories&post=38804"},{"taxonomy":"post_tag","embeddable":true,"href":"https:\/\/elcronistadigital.com\/index.php?rest_route=%2Fwp%2Fv2%2Ftags&post=38804"}],"curies":[{"name":"wp","href":"https:\/\/api.w.org\/{rel}","templated":true}]}}