{"id":38814,"date":"2015-03-26T08:35:22","date_gmt":"2015-03-26T14:35:22","guid":{"rendered":"http:\/\/elcronistadigital.com\/?p=38814"},"modified":"2015-03-26T08:35:31","modified_gmt":"2015-03-26T14:35:31","slug":"asociacion-pan-de-vida-para-nicaragua-cumple-10-anos","status":"publish","type":"post","link":"https:\/\/elcronistadigital.com\/?p=38814","title":{"rendered":"Asociaci\u00f3n Pan de Vida para Nicaragua cumple 10 a\u00f1os"},"content":{"rendered":"<p><em><strong><a href=\"https:\/\/elcronistadigital.com\/?attachment_id=38815\" rel=\"attachment wp-att-38815\"><img loading=\"lazy\" decoding=\"async\" class=\"alignleft size-full wp-image-38815\" alt=\"pandevida\" src=\"https:\/\/elcronistadigital.com\/wp-content\/uploads\/2015\/03\/pandevida.jpg\" width=\"400\" height=\"265\" srcset=\"https:\/\/elcronistadigital.com\/wp-content\/uploads\/2015\/03\/pandevida.jpg 400w, https:\/\/elcronistadigital.com\/wp-content\/uploads\/2015\/03\/pandevida-300x198.jpg 300w, https:\/\/elcronistadigital.com\/wp-content\/uploads\/2015\/03\/pandevida-342x226.jpg 342w\" sizes=\"auto, (max-width: 400px) 100vw, 400px\" \/><\/a>* Tra la visita en 2005 de misioneros de Madrid, Espa\u00f1a, empez\u00f3 dando de comer a una decena de muchachitos de un barrio marginal de Le\u00f3n, y hoy sostiene un comedor para 180 ni\u00f1os, una guarder\u00eda para 25 y un colegio para 110.<\/strong><\/em><\/p>\n<p>La asociaci\u00f3n Pan de Vida para Nicaragua naci\u00f3 hace 10 a\u00f1os de la mano de un grupo de fieles de la parroquia de la Inmaculada Concepci\u00f3n de Nuestra Se\u00f1ora de Alcorc\u00f3n, de Madrid, Espa\u00f1a. Los misioneros viajaron hasta el reparto William Fonseca, una barriada de las afueras de la ciudad de Le\u00f3n, en Nicaragua, para vivir una experiencia de misi\u00f3n veraniega.<\/p>\n<p>All\u00ed\u0301 se encontraron un barrio marginal, lleno de pobreza, ni\u00f1os desnutridos, y una sociedad con una concepci\u00f3n hostil de la familia. Todo esto unido al paro estructural, el alcohol, y las reyertas constantes.<\/p>\n<p>Por eso, los visitantes, adem\u00e1s de apoyar al sacerdote en las tareas pastorales, vieron la necesidad de ayudar en el sostenimiento humanitario y social de la barriada. Antes de volver a Espa\u00f1a, pidieron al sacerdote y a dos laicos colaboradores que, con el poco dinero que ten\u00edan, dieran de comer a los ni\u00f1os con una situaci\u00f3n m\u00e1s complicada.<\/p>\n<p>A la vuelta a Madrid, pusieron en marcha la asociaci\u00f3n Pan de Vida para Nicaragua, y este 2015, diez a\u00f1os despu\u00e9s, hay 180 ni\u00f1os comiendo cada d\u00eda en el comedor, 25 ni\u00f1os en una guarder\u00eda montada para apoyar a las madres que van a trabajar a la ciudad, y 110 ni\u00f1os matriculados en un colegio, porque en la barriada no hab\u00eda opciones escolares para los ni\u00f1os de secundaria.<\/p>\n<p>La asociaci\u00f3n env\u00eda unos 5.000 euros mensuales a los responsables del proyecto, sin intermediarios. Este \u00faltimo a\u00f1o se ve en apuros. Hay alrededor de 100 socios, aunque decrecen por la crisis, y se recaudan fondos a trav\u00e9s de iniciativas como teatros, mercadillos y m\u00e1s. Pero el d\u00f3lar se ha devaluado en Nicaragua y el mismo dinero de siempre ahora no llega para satisfacer todas las necesidades.<\/p>\n<p>M\u00e1s informaci\u00f3n en www.parroquia-inmaculada.es<br \/>\nContacto: Ir\u00eda F. Silva. Tel. 615 48 02 68<br \/>\nasocpandevida@gmail.com<\/p>\n","protected":false},"excerpt":{"rendered":"<p>* Tra la visita en 2005 de misioneros de Madrid, Espa\u00f1a, empez\u00f3 dando de comer a una decena de muchachitos de un barrio marginal de Le\u00f3n, y hoy sostiene un comedor para 180 ni\u00f1os, una guarder\u00eda para 25 y un colegio para 110. La asociaci\u00f3n Pan de Vida para Nicaragua naci\u00f3 hace 10 a\u00f1os de [&hellip;]<\/p>\n","protected":false},"author":1,"featured_media":38815,"comment_status":"open","ping_status":"open","sticky":false,"template":"","format":"standard","meta":{"om_disable_all_campaigns":false,"_monsterinsights_skip_tracking":false,"_monsterinsights_sitenote_active":false,"_monsterinsights_sitenote_note":"","_monsterinsights_sitenote_category":0,"footnotes":""},"categories":[3],"tags":[29,28,4269,4268],"class_list":["post-38814","post","type-post","status-publish","format-standard","has-post-thumbnail","hentry","category-nacionales","tag-espana","tag-madrid","tag-nuestra-senora-de-alcorcon","tag-pan-de-vida"],"aioseo_notices":[],"_links":{"self":[{"href":"https:\/\/elcronistadigital.com\/index.php?rest_route=\/wp\/v2\/posts\/38814","targetHints":{"allow":["GET"]}}],"collection":[{"href":"https:\/\/elcronistadigital.com\/index.php?rest_route=\/wp\/v2\/posts"}],"about":[{"href":"https:\/\/elcronistadigital.com\/index.php?rest_route=\/wp\/v2\/types\/post"}],"author":[{"embeddable":true,"href":"https:\/\/elcronistadigital.com\/index.php?rest_route=\/wp\/v2\/users\/1"}],"replies":[{"embeddable":true,"href":"https:\/\/elcronistadigital.com\/index.php?rest_route=%2Fwp%2Fv2%2Fcomments&post=38814"}],"version-history":[{"count":1,"href":"https:\/\/elcronistadigital.com\/index.php?rest_route=\/wp\/v2\/posts\/38814\/revisions"}],"predecessor-version":[{"id":38816,"href":"https:\/\/elcronistadigital.com\/index.php?rest_route=\/wp\/v2\/posts\/38814\/revisions\/38816"}],"wp:featuredmedia":[{"embeddable":true,"href":"https:\/\/elcronistadigital.com\/index.php?rest_route=\/wp\/v2\/media\/38815"}],"wp:attachment":[{"href":"https:\/\/elcronistadigital.com\/index.php?rest_route=%2Fwp%2Fv2%2Fmedia&parent=38814"}],"wp:term":[{"taxonomy":"category","embeddable":true,"href":"https:\/\/elcronistadigital.com\/index.php?rest_route=%2Fwp%2Fv2%2Fcategories&post=38814"},{"taxonomy":"post_tag","embeddable":true,"href":"https:\/\/elcronistadigital.com\/index.php?rest_route=%2Fwp%2Fv2%2Ftags&post=38814"}],"curies":[{"name":"wp","href":"https:\/\/api.w.org\/{rel}","templated":true}]}}