{"id":38837,"date":"2015-03-27T15:45:22","date_gmt":"2015-03-27T21:45:22","guid":{"rendered":"http:\/\/elcronistadigital.com\/?p=38837"},"modified":"2015-03-27T15:45:22","modified_gmt":"2015-03-27T21:45:22","slug":"nicaragua-sera-sede-de-semana-de-vacunacion-de-las-americas","status":"publish","type":"post","link":"https:\/\/elcronistadigital.com\/?p=38837","title":{"rendered":"Nicaragua ser\u00e1 sede de Semana de Vacunaci\u00f3n de las Am\u00e9ricas"},"content":{"rendered":"<p><a href=\"https:\/\/elcronistadigital.com\/?attachment_id=38838\" rel=\"attachment wp-att-38838\"><img loading=\"lazy\" decoding=\"async\" class=\"alignleft size-medium wp-image-38838\" alt=\"vacuna\" src=\"https:\/\/elcronistadigital.com\/wp-content\/uploads\/2015\/03\/vacuna-300x219.jpg\" width=\"300\" height=\"219\" srcset=\"https:\/\/elcronistadigital.com\/wp-content\/uploads\/2015\/03\/vacuna-300x219.jpg 300w, https:\/\/elcronistadigital.com\/wp-content\/uploads\/2015\/03\/vacuna-342x250.jpg 342w, https:\/\/elcronistadigital.com\/wp-content\/uploads\/2015\/03\/vacuna-60x45.jpg 60w, https:\/\/elcronistadigital.com\/wp-content\/uploads\/2015\/03\/vacuna-90x65.jpg 90w, https:\/\/elcronistadigital.com\/wp-content\/uploads\/2015\/03\/vacuna.jpg 400w\" sizes=\"auto, (max-width: 300px) 100vw, 300px\" \/><\/a>La Organizaci\u00f3n Panamericana de la Salud (OPS) invit\u00f3 a Nicaragua a ser la sede del lanzamiento simult\u00e1neo de la Semana de Vacunaci\u00f3n de las Am\u00e9ricas, revel\u00f3 este viernes la coordinadora del Consejo de Comunicaci\u00f3n y Ciudadan\u00eda, Rosario Murillo.<\/p>\n<p>De acuerdo con Murillo, el subdirector de la OPS, Francisco Becerra, y el Ministerio nicarag\u00fcense de Salud organizar\u00e1n esta actividad, seg\u00fan publica Prensa Latina.<\/p>\n<p>Las fechas tentativas para comenzar el evento son el 24 o 25 de abril pr\u00f3ximo, avis\u00f3 Murillo, antes de manifestar que se dar\u00e1n m\u00e1s detalles cuando se acerque el momento.<\/p>\n<p>El XIII aniversario de la Semana de Vacunaci\u00f3n en las Am\u00e9ricas se celebrar\u00e1 bajo el eslogan regional: \u00ab\u00a1Refuerza tu poder! Vac\u00fanate!\u00bb, publica la OPS en su sitio oficial. Esta actividad forma parte de un esfuerzo extraordinario dirigido por los pa\u00edses y territorios de las Am\u00e9ricas para fomentar la equidad y el acceso a la vacunaci\u00f3n, asegura la nota del organismo de salud.<\/p>\n<p>Desde su creaci\u00f3n en 2003, a\u00f1ade la OPS, m\u00e1s de 519 millones de personas de todas las edades fueron inmunizadas durante campa\u00f1as realizadas en el marco de estos eventos de salud.<\/p>\n","protected":false},"excerpt":{"rendered":"<p>La Organizaci\u00f3n Panamericana de la Salud (OPS) invit\u00f3 a Nicaragua a ser la sede del lanzamiento simult\u00e1neo de la Semana de Vacunaci\u00f3n de las Am\u00e9ricas, revel\u00f3 este viernes la coordinadora del Consejo de Comunicaci\u00f3n y Ciudadan\u00eda, Rosario Murillo. De acuerdo con Murillo, el subdirector de la OPS, Francisco Becerra, y el Ministerio nicarag\u00fcense de Salud [&hellip;]<\/p>\n","protected":false},"author":1,"featured_media":38838,"comment_status":"open","ping_status":"open","sticky":false,"template":"","format":"standard","meta":{"om_disable_all_campaigns":false,"_monsterinsights_skip_tracking":false,"_monsterinsights_sitenote_active":false,"_monsterinsights_sitenote_note":"","_monsterinsights_sitenote_category":0,"footnotes":""},"categories":[7,3524],"tags":[4291,4292,4290],"class_list":["post-38837","post","type-post","status-publish","format-standard","has-post-thumbnail","hentry","category-salud-y-belleza","category-noticas","tag-semana-de-vacunacion","tag-vacunacion-americas","tag-vacunas"],"aioseo_notices":[],"_links":{"self":[{"href":"https:\/\/elcronistadigital.com\/index.php?rest_route=\/wp\/v2\/posts\/38837","targetHints":{"allow":["GET"]}}],"collection":[{"href":"https:\/\/elcronistadigital.com\/index.php?rest_route=\/wp\/v2\/posts"}],"about":[{"href":"https:\/\/elcronistadigital.com\/index.php?rest_route=\/wp\/v2\/types\/post"}],"author":[{"embeddable":true,"href":"https:\/\/elcronistadigital.com\/index.php?rest_route=\/wp\/v2\/users\/1"}],"replies":[{"embeddable":true,"href":"https:\/\/elcronistadigital.com\/index.php?rest_route=%2Fwp%2Fv2%2Fcomments&post=38837"}],"version-history":[{"count":1,"href":"https:\/\/elcronistadigital.com\/index.php?rest_route=\/wp\/v2\/posts\/38837\/revisions"}],"predecessor-version":[{"id":38839,"href":"https:\/\/elcronistadigital.com\/index.php?rest_route=\/wp\/v2\/posts\/38837\/revisions\/38839"}],"wp:featuredmedia":[{"embeddable":true,"href":"https:\/\/elcronistadigital.com\/index.php?rest_route=\/wp\/v2\/media\/38838"}],"wp:attachment":[{"href":"https:\/\/elcronistadigital.com\/index.php?rest_route=%2Fwp%2Fv2%2Fmedia&parent=38837"}],"wp:term":[{"taxonomy":"category","embeddable":true,"href":"https:\/\/elcronistadigital.com\/index.php?rest_route=%2Fwp%2Fv2%2Fcategories&post=38837"},{"taxonomy":"post_tag","embeddable":true,"href":"https:\/\/elcronistadigital.com\/index.php?rest_route=%2Fwp%2Fv2%2Ftags&post=38837"}],"curies":[{"name":"wp","href":"https:\/\/api.w.org\/{rel}","templated":true}]}}