{"id":38843,"date":"2015-03-30T09:22:17","date_gmt":"2015-03-30T15:22:17","guid":{"rendered":"http:\/\/elcronistadigital.com\/?p=38843"},"modified":"2015-03-30T09:22:17","modified_gmt":"2015-03-30T15:22:17","slug":"llaman-a-que-nicaragua-y-colombia-cuiden-seaflower","status":"publish","type":"post","link":"https:\/\/elcronistadigital.com\/?p=38843","title":{"rendered":"Llaman a que Nicaragua y Colombia cuiden Seaflower"},"content":{"rendered":"<p><a href=\"https:\/\/elcronistadigital.com\/?attachment_id=38844\" rel=\"attachment wp-att-38844\"><img loading=\"lazy\" decoding=\"async\" class=\"alignleft size-medium wp-image-38844\" alt=\"seaflower\" src=\"https:\/\/elcronistadigital.com\/wp-content\/uploads\/2015\/03\/seaflower-300x151.jpg\" width=\"300\" height=\"151\" srcset=\"https:\/\/elcronistadigital.com\/wp-content\/uploads\/2015\/03\/seaflower-300x151.jpg 300w, https:\/\/elcronistadigital.com\/wp-content\/uploads\/2015\/03\/seaflower-1024x517.jpg 1024w, https:\/\/elcronistadigital.com\/wp-content\/uploads\/2015\/03\/seaflower-342x172.jpg 342w, https:\/\/elcronistadigital.com\/wp-content\/uploads\/2015\/03\/seaflower.jpg 1246w\" sizes=\"auto, (max-width: 300px) 100vw, 300px\" \/><\/a>La bi\u00f3loga colombiana con maestr\u00eda en derecho de los Recursos Naturales, Juliana Hurtado, recomend\u00f3 tras un estudio que Nicaragua y Colombia deben ponerse de acuerdo para administrar conjuntamente la reserva de Biosfera Seaflower.<\/p>\n<p>Hurtado, autora del libro \u2018El Fallo de la Haya y sus efectos en la reserva Biosfera de Seaflower\u2019, habl\u00f3 en la radio sobre el seguimiento que ha desarrollado en torno a la reserva ubicada cerca del archipi\u00e9lago de San Andr\u00e9s, Providencia y Santa Catalina luego de la decisi\u00f3n del 2012 que devolvi\u00f3 a Nicaragua m\u00e1s de 90 mil km cuadrados de mar Caribe.<\/p>\n<p>\u201cLas reservas son ecosistemas de una importancia internacional que son reconocidos por la UNESCO debido a las caracter\u00edsticas tanto ambientales, sociales, econ\u00f3micas y culturales que los ecosistemas agrupan, estas reservas de biosfera se crean con la finalidad de promover una relaci\u00f3n equilibrada entre desarrollo, el crecimiento y la conservaci\u00f3n de los recursos naturales\u201d, se\u00f1al\u00f3 Hurtado.<\/p>\n<p>Tras el fallo de La Haya la Reserva Seaflower qued\u00f3 dividida en dos: Nicaragua y Colombia, record\u00f3 la bi\u00f3loga. \u201cExisten en el mundo diversas reservas transfronterizas, por el ejemplo en la Amazonia hay una, porque es un ecosistema que se comparte entre diferentes pa\u00edses\u201d, sostuvo.<\/p>\n<p>Despu\u00e9s del fallo, el presidente de Nicaragua, Daniel Ortega, invit\u00f3 a su hom\u00f3logo de Colombia Juan Manuel Santos a trabajar unidos en la protecci\u00f3n de Seaflower, sin embargo, el colombiano estaba empecinado en su teor\u00eda de que el fallo era \u201cinaplicable\u201d y desde entonces no se ha vuelto a tocar el tema entre los mandatarios.<\/p>\n","protected":false},"excerpt":{"rendered":"<p>La bi\u00f3loga colombiana con maestr\u00eda en derecho de los Recursos Naturales, Juliana Hurtado, recomend\u00f3 tras un estudio que Nicaragua y Colombia deben ponerse de acuerdo para administrar conjuntamente la reserva de Biosfera Seaflower. Hurtado, autora del libro \u2018El Fallo de la Haya y sus efectos en la reserva Biosfera de Seaflower\u2019, habl\u00f3 en la radio [&hellip;]<\/p>\n","protected":false},"author":1,"featured_media":38844,"comment_status":"open","ping_status":"open","sticky":false,"template":"","format":"standard","meta":{"om_disable_all_campaigns":false,"_monsterinsights_skip_tracking":false,"_monsterinsights_sitenote_active":false,"_monsterinsights_sitenote_note":"","_monsterinsights_sitenote_category":0,"footnotes":""},"categories":[3524,13],"tags":[1390,4295,779,834,2860,973],"class_list":["post-38843","post","type-post","status-publish","format-standard","has-post-thumbnail","hentry","category-noticas","category-portada","tag-cij","tag-corte-interamericana-de-justicia","tag-fallo-de-la-haya","tag-seaflower","tag-seaflower-colombia","tag-seaflower-nicaragua"],"aioseo_notices":[],"_links":{"self":[{"href":"https:\/\/elcronistadigital.com\/index.php?rest_route=\/wp\/v2\/posts\/38843","targetHints":{"allow":["GET"]}}],"collection":[{"href":"https:\/\/elcronistadigital.com\/index.php?rest_route=\/wp\/v2\/posts"}],"about":[{"href":"https:\/\/elcronistadigital.com\/index.php?rest_route=\/wp\/v2\/types\/post"}],"author":[{"embeddable":true,"href":"https:\/\/elcronistadigital.com\/index.php?rest_route=\/wp\/v2\/users\/1"}],"replies":[{"embeddable":true,"href":"https:\/\/elcronistadigital.com\/index.php?rest_route=%2Fwp%2Fv2%2Fcomments&post=38843"}],"version-history":[{"count":1,"href":"https:\/\/elcronistadigital.com\/index.php?rest_route=\/wp\/v2\/posts\/38843\/revisions"}],"predecessor-version":[{"id":38845,"href":"https:\/\/elcronistadigital.com\/index.php?rest_route=\/wp\/v2\/posts\/38843\/revisions\/38845"}],"wp:featuredmedia":[{"embeddable":true,"href":"https:\/\/elcronistadigital.com\/index.php?rest_route=\/wp\/v2\/media\/38844"}],"wp:attachment":[{"href":"https:\/\/elcronistadigital.com\/index.php?rest_route=%2Fwp%2Fv2%2Fmedia&parent=38843"}],"wp:term":[{"taxonomy":"category","embeddable":true,"href":"https:\/\/elcronistadigital.com\/index.php?rest_route=%2Fwp%2Fv2%2Fcategories&post=38843"},{"taxonomy":"post_tag","embeddable":true,"href":"https:\/\/elcronistadigital.com\/index.php?rest_route=%2Fwp%2Fv2%2Ftags&post=38843"}],"curies":[{"name":"wp","href":"https:\/\/api.w.org\/{rel}","templated":true}]}}