{"id":38853,"date":"2015-03-31T17:13:23","date_gmt":"2015-03-31T23:13:23","guid":{"rendered":"http:\/\/elcronistadigital.com\/?p=38853"},"modified":"2015-03-31T17:13:39","modified_gmt":"2015-03-31T23:13:39","slug":"nicaragua-y-cuba-acuerdo-aereo","status":"publish","type":"post","link":"https:\/\/elcronistadigital.com\/?p=38853","title":{"rendered":"Nicaragua y Cuba firman acuerdo a\u00e9reo"},"content":{"rendered":"<p><a href=\"https:\/\/elcronistadigital.com\/?attachment_id=38855\" rel=\"attachment wp-att-38855\"><img loading=\"lazy\" decoding=\"async\" class=\"alignleft size-full wp-image-38855\" alt=\"acuerdo\" src=\"https:\/\/elcronistadigital.com\/wp-content\/uploads\/2015\/03\/acuerdo1.jpg\" width=\"350\" height=\"230\" srcset=\"https:\/\/elcronistadigital.com\/wp-content\/uploads\/2015\/03\/acuerdo1.jpg 350w, https:\/\/elcronistadigital.com\/wp-content\/uploads\/2015\/03\/acuerdo1-300x197.jpg 300w, https:\/\/elcronistadigital.com\/wp-content\/uploads\/2015\/03\/acuerdo1-342x224.jpg 342w\" sizes=\"auto, (max-width: 350px) 100vw, 350px\" \/><\/a>Este martes en La Habana, los gobiernos de Cuba y Nicaragua firmaron un nuevo Acuerdo Bilateral de Transporte A\u00e9reo, con el objetivo de renovar las regulaciones referidas a esa materia entre ambos pa\u00edses.<\/p>\n<p>El documento actualizar\u00e1 el marco regulador en materia de aeron\u00e1utica, aumentar\u00e1 el movimiento de pasajeros y flexibilizar\u00e1 las operaciones de las aerol\u00edneas que operan las rutas entre Cuba y Nicaragua, seg\u00fan informa Radio Reloj.<\/p>\n<p>La doctora en Ciencias Mayda Molina Mart\u00ednez, directora de Relaciones Internacionales del Instituto de Aeron\u00e1utica Civil de Cuba, inform\u00f3 adem\u00e1s que ese Acuerdo Bilateral de Transportaci\u00f3n puede perfeccionar el intercambio comercial con el pa\u00eds centroamericano.<\/p>\n<p>La firma del nuevo acuerdo sobre cooperaci\u00f3n a\u00e9rea se realiz\u00f3 este martes en el Sal\u00f3n Puerto Pr\u00edncipe del Hotel Nacional en la capital cubana, con la presencia de representantes diplom\u00e1ticos de Cuba y de la embajada nicarag\u00fcense.<\/p>\n","protected":false},"excerpt":{"rendered":"<p>Este martes en La Habana, los gobiernos de Cuba y Nicaragua firmaron un nuevo Acuerdo Bilateral de Transporte A\u00e9reo, con el objetivo de renovar las regulaciones referidas a esa materia entre ambos pa\u00edses. El documento actualizar\u00e1 el marco regulador en materia de aeron\u00e1utica, aumentar\u00e1 el movimiento de pasajeros y flexibilizar\u00e1 las operaciones de las aerol\u00edneas [&hellip;]<\/p>\n","protected":false},"author":1,"featured_media":38855,"comment_status":"open","ping_status":"open","sticky":false,"template":"","format":"standard","meta":{"om_disable_all_campaigns":false,"_monsterinsights_skip_tracking":false,"_monsterinsights_sitenote_active":false,"_monsterinsights_sitenote_note":"","_monsterinsights_sitenote_category":0,"footnotes":""},"categories":[3524],"tags":[4296,4297],"class_list":["post-38853","post","type-post","status-publish","format-standard","has-post-thumbnail","hentry","category-noticas","tag-acuerdo-aereo-cuba-nicaragua","tag-transporte-aereo"],"aioseo_notices":[],"_links":{"self":[{"href":"https:\/\/elcronistadigital.com\/index.php?rest_route=\/wp\/v2\/posts\/38853","targetHints":{"allow":["GET"]}}],"collection":[{"href":"https:\/\/elcronistadigital.com\/index.php?rest_route=\/wp\/v2\/posts"}],"about":[{"href":"https:\/\/elcronistadigital.com\/index.php?rest_route=\/wp\/v2\/types\/post"}],"author":[{"embeddable":true,"href":"https:\/\/elcronistadigital.com\/index.php?rest_route=\/wp\/v2\/users\/1"}],"replies":[{"embeddable":true,"href":"https:\/\/elcronistadigital.com\/index.php?rest_route=%2Fwp%2Fv2%2Fcomments&post=38853"}],"version-history":[{"count":2,"href":"https:\/\/elcronistadigital.com\/index.php?rest_route=\/wp\/v2\/posts\/38853\/revisions"}],"predecessor-version":[{"id":38857,"href":"https:\/\/elcronistadigital.com\/index.php?rest_route=\/wp\/v2\/posts\/38853\/revisions\/38857"}],"wp:featuredmedia":[{"embeddable":true,"href":"https:\/\/elcronistadigital.com\/index.php?rest_route=\/wp\/v2\/media\/38855"}],"wp:attachment":[{"href":"https:\/\/elcronistadigital.com\/index.php?rest_route=%2Fwp%2Fv2%2Fmedia&parent=38853"}],"wp:term":[{"taxonomy":"category","embeddable":true,"href":"https:\/\/elcronistadigital.com\/index.php?rest_route=%2Fwp%2Fv2%2Fcategories&post=38853"},{"taxonomy":"post_tag","embeddable":true,"href":"https:\/\/elcronistadigital.com\/index.php?rest_route=%2Fwp%2Fv2%2Ftags&post=38853"}],"curies":[{"name":"wp","href":"https:\/\/api.w.org\/{rel}","templated":true}]}}