{"id":39012,"date":"2015-04-10T14:17:24","date_gmt":"2015-04-10T20:17:24","guid":{"rendered":"http:\/\/elcronistadigital.com\/?p=39012"},"modified":"2015-04-10T14:17:24","modified_gmt":"2015-04-10T20:17:24","slug":"policia-continua-operativo-en-carreteras","status":"publish","type":"post","link":"https:\/\/elcronistadigital.com\/?p=39012","title":{"rendered":"Polic\u00eda contin\u00faa operativo en carreteras"},"content":{"rendered":"<p><a href=\"https:\/\/elcronistadigital.com\/?attachment_id=39014\" rel=\"attachment wp-att-39014\"><img loading=\"lazy\" decoding=\"async\" class=\"alignleft size-medium wp-image-39014\" alt=\"calles\" src=\"https:\/\/elcronistadigital.com\/wp-content\/uploads\/2015\/04\/calles1-300x211.jpg\" width=\"300\" height=\"211\" srcset=\"https:\/\/elcronistadigital.com\/wp-content\/uploads\/2015\/04\/calles1-300x211.jpg 300w, https:\/\/elcronistadigital.com\/wp-content\/uploads\/2015\/04\/calles1-342x241.jpg 342w, https:\/\/elcronistadigital.com\/wp-content\/uploads\/2015\/04\/calles1.jpg 630w\" sizes=\"auto, (max-width: 300px) 100vw, 300px\" \/><\/a>La Polic\u00eda de Tr\u00e1nsito continuar\u00e1 este fin de semana su operativo en las carreteras, destinado entre otras cosas, a multar a los conductores cuyos veh\u00edculos no lleven sticker de rodamiento ni han pasado el examen de emisi\u00f3n de gases y estado mec\u00e1nico.<\/p>\n<p>Autoridades de la Polic\u00eda Nacional informaron que este fin de semana, miembros de dicha instituci\u00f3n permanecer\u00e1n desplegados por las diferentes carreteras, a fin de continuar fortaleciendo los niveles de seguridad ciudadana y reducir los accidentes de tr\u00e1nsito, seg\u00fan publica la web \u201cEl 19\u201d.<\/p>\n<p>Al realizar este viernes trabajos de regulaci\u00f3n y control del tr\u00e1nsito en el sector de la rotonda Jean Paul Genie, el comisionado Edgard S\u00e1nchez, Jefe de Prevenci\u00f3n y Seguridad Vial, detall\u00f3 que s\u00e1bado y domingo la Polic\u00eda continuar\u00e1 trabajando intensamente en el Plan Carretera.<\/p>\n<p>\u201cNos estamos disponiendo a darle cobertura a las distintas carreteras, con la finalidad de que todos los usuarios de la v\u00eda p\u00fablica cumplan con lo que la ley establece. Vamos a continuar con esta campa\u00f1a para que los usuarios empiecen a proteger su vida; que todos nos involucremos en esta campa\u00f1a\u201d, dijo el jefe policial.<\/p>\n<p>Destac\u00f3 que esta instituci\u00f3n, tambi\u00e9n estar\u00e1 desarrollando una serie de planes especiales, tales como la Campa\u00f1a de Seguridad Vial \u2018Respetando las se\u00f1ales de tr\u00e1nsito, protejo mi vida\u2019, y la Campa\u00f1a \u2018Un casco, una vida\u2019.<\/p>\n<p>\u201cEste fin de semana, todos los dispositivos de las l\u00edneas de regulaci\u00f3n operativa estar\u00e1n en las calles. Apelamos a toda la ciudadan\u00eda, a todos los que son conductores, peatones y pasajeros, a que tengan responsabilidad en todas sus acciones al manejar\u201d, indic\u00f3.<\/p>\n<p>El Comisionado Edgard S\u00e1nchez, advirti\u00f3 que durante este plan, la Polic\u00eda Nacional pondr\u00e1 mano dura a personas que conduzcan en estado de ebriedad, aquellos que no respeten las se\u00f1ales de tr\u00e1nsito; motociclistas que conduzcan sin su casco de seguridad, o veh\u00edculos que vayan con exceso de carga en la v\u00eda p\u00fablica.<\/p>\n","protected":false},"excerpt":{"rendered":"<p>La Polic\u00eda de Tr\u00e1nsito continuar\u00e1 este fin de semana su operativo en las carreteras, destinado entre otras cosas, a multar a los conductores cuyos veh\u00edculos no lleven sticker de rodamiento ni han pasado el examen de emisi\u00f3n de gases y estado mec\u00e1nico. Autoridades de la Polic\u00eda Nacional informaron que este fin de semana, miembros de [&hellip;]<\/p>\n","protected":false},"author":1,"featured_media":39014,"comment_status":"open","ping_status":"open","sticky":false,"template":"","format":"standard","meta":{"om_disable_all_campaigns":false,"_monsterinsights_skip_tracking":false,"_monsterinsights_sitenote_active":false,"_monsterinsights_sitenote_note":"","_monsterinsights_sitenote_category":0,"footnotes":""},"categories":[3,3524,13],"tags":[4418,4416,4417],"class_list":["post-39012","post","type-post","status-publish","format-standard","has-post-thumbnail","hentry","category-nacionales","category-noticas","category-portada","tag-emision-de-gases","tag-policia-de-transito","tag-sticker"],"aioseo_notices":[],"_links":{"self":[{"href":"https:\/\/elcronistadigital.com\/index.php?rest_route=\/wp\/v2\/posts\/39012","targetHints":{"allow":["GET"]}}],"collection":[{"href":"https:\/\/elcronistadigital.com\/index.php?rest_route=\/wp\/v2\/posts"}],"about":[{"href":"https:\/\/elcronistadigital.com\/index.php?rest_route=\/wp\/v2\/types\/post"}],"author":[{"embeddable":true,"href":"https:\/\/elcronistadigital.com\/index.php?rest_route=\/wp\/v2\/users\/1"}],"replies":[{"embeddable":true,"href":"https:\/\/elcronistadigital.com\/index.php?rest_route=%2Fwp%2Fv2%2Fcomments&post=39012"}],"version-history":[{"count":1,"href":"https:\/\/elcronistadigital.com\/index.php?rest_route=\/wp\/v2\/posts\/39012\/revisions"}],"predecessor-version":[{"id":39015,"href":"https:\/\/elcronistadigital.com\/index.php?rest_route=\/wp\/v2\/posts\/39012\/revisions\/39015"}],"wp:featuredmedia":[{"embeddable":true,"href":"https:\/\/elcronistadigital.com\/index.php?rest_route=\/wp\/v2\/media\/39014"}],"wp:attachment":[{"href":"https:\/\/elcronistadigital.com\/index.php?rest_route=%2Fwp%2Fv2%2Fmedia&parent=39012"}],"wp:term":[{"taxonomy":"category","embeddable":true,"href":"https:\/\/elcronistadigital.com\/index.php?rest_route=%2Fwp%2Fv2%2Fcategories&post=39012"},{"taxonomy":"post_tag","embeddable":true,"href":"https:\/\/elcronistadigital.com\/index.php?rest_route=%2Fwp%2Fv2%2Ftags&post=39012"}],"curies":[{"name":"wp","href":"https:\/\/api.w.org\/{rel}","templated":true}]}}