{"id":39028,"date":"2015-04-13T08:52:57","date_gmt":"2015-04-13T14:52:57","guid":{"rendered":"http:\/\/elcronistadigital.com\/?p=39028"},"modified":"2015-04-13T08:52:57","modified_gmt":"2015-04-13T14:52:57","slug":"18-mil-productores-estudian-especializaciones","status":"publish","type":"post","link":"https:\/\/elcronistadigital.com\/?p=39028","title":{"rendered":"18 mil productores estudian especializaciones"},"content":{"rendered":"<p><a href=\"https:\/\/elcronistadigital.com\/?attachment_id=39029\" rel=\"attachment wp-att-39029\"><img loading=\"lazy\" decoding=\"async\" class=\"alignleft size-medium wp-image-39029\" alt=\"productor\" src=\"https:\/\/elcronistadigital.com\/wp-content\/uploads\/2015\/04\/productor-300x189.gif\" width=\"300\" height=\"189\" srcset=\"https:\/\/elcronistadigital.com\/wp-content\/uploads\/2015\/04\/productor-300x189.gif 300w, https:\/\/elcronistadigital.com\/wp-content\/uploads\/2015\/04\/productor-342x215.gif 342w\" sizes=\"auto, (max-width: 300px) 100vw, 300px\" \/><\/a>El gobierno nicarag\u00fcense capacitar\u00e1 a 18 mil agricultores para mejorar los \u00edndices productivos, una tarea que cobra hoy una importancia capital para el mejoramiento de la econom\u00eda familiar en zonas rurales.<\/p>\n<p>La directora del Tecnol\u00f3gico agropecuario de Chinandega, Jazmina Espinoza, record\u00f3 que este programa naci\u00f3 por orientaci\u00f3n del Gobierno, con el fin de compartir conocimientos y tecnolog\u00edas con los productores, seg\u00fan Prensa Latina.<\/p>\n<p>Este a\u00f1o vamos a atender a 18 mil productores en dos modalidades, la primera para los agricultores que asistieron a la primera parte del programa y la segunda para los nuevos, explic\u00f3 por su parte Oscar Real, representante del Tecnol\u00f3gico Nacional.<\/p>\n<p>Los productores que contin\u00faan en el programa \u00abvan a poder sacar un curso de un rubro en espec\u00edfico, como es t\u00e9cnico de campo en cacao, caf\u00e9, granos b\u00e1sicos, hortalizas, ganado mayor y menor\u00bb, a\u00f1adi\u00f3.<\/p>\n<p>Real asegur\u00f3 que con esos conocimientos, las familias agricultoras disminuir\u00e1n los costos de la producci\u00f3n y, a su vez, ayudar\u00e1n en la conservaci\u00f3n del medio ambiente, al evitar la contaminaci\u00f3n del manto acu\u00edfero y lograr as\u00ed la preservaci\u00f3n de la biodiversidad en la zona.<\/p>\n<p>La segunda etapa de este Programa de Educaci\u00f3n T\u00e9cnica en el Campo comenzar\u00e1 el pr\u00f3ximo 25 de abril en todo el pa\u00eds.<\/p>\n","protected":false},"excerpt":{"rendered":"<p>El gobierno nicarag\u00fcense capacitar\u00e1 a 18 mil agricultores para mejorar los \u00edndices productivos, una tarea que cobra hoy una importancia capital para el mejoramiento de la econom\u00eda familiar en zonas rurales. La directora del Tecnol\u00f3gico agropecuario de Chinandega, Jazmina Espinoza, record\u00f3 que este programa naci\u00f3 por orientaci\u00f3n del Gobierno, con el fin de compartir conocimientos [&hellip;]<\/p>\n","protected":false},"author":1,"featured_media":39029,"comment_status":"open","ping_status":"open","sticky":false,"template":"","format":"standard","meta":{"om_disable_all_campaigns":false,"_monsterinsights_skip_tracking":false,"_monsterinsights_sitenote_active":false,"_monsterinsights_sitenote_note":"","_monsterinsights_sitenote_category":0,"footnotes":""},"categories":[3524],"tags":[402,196,4426],"class_list":["post-39028","post","type-post","status-publish","format-standard","has-post-thumbnail","hentry","category-noticas","tag-agropecuario","tag-inta","tag-pequenos-productores"],"aioseo_notices":[],"_links":{"self":[{"href":"https:\/\/elcronistadigital.com\/index.php?rest_route=\/wp\/v2\/posts\/39028","targetHints":{"allow":["GET"]}}],"collection":[{"href":"https:\/\/elcronistadigital.com\/index.php?rest_route=\/wp\/v2\/posts"}],"about":[{"href":"https:\/\/elcronistadigital.com\/index.php?rest_route=\/wp\/v2\/types\/post"}],"author":[{"embeddable":true,"href":"https:\/\/elcronistadigital.com\/index.php?rest_route=\/wp\/v2\/users\/1"}],"replies":[{"embeddable":true,"href":"https:\/\/elcronistadigital.com\/index.php?rest_route=%2Fwp%2Fv2%2Fcomments&post=39028"}],"version-history":[{"count":1,"href":"https:\/\/elcronistadigital.com\/index.php?rest_route=\/wp\/v2\/posts\/39028\/revisions"}],"predecessor-version":[{"id":39030,"href":"https:\/\/elcronistadigital.com\/index.php?rest_route=\/wp\/v2\/posts\/39028\/revisions\/39030"}],"wp:featuredmedia":[{"embeddable":true,"href":"https:\/\/elcronistadigital.com\/index.php?rest_route=\/wp\/v2\/media\/39029"}],"wp:attachment":[{"href":"https:\/\/elcronistadigital.com\/index.php?rest_route=%2Fwp%2Fv2%2Fmedia&parent=39028"}],"wp:term":[{"taxonomy":"category","embeddable":true,"href":"https:\/\/elcronistadigital.com\/index.php?rest_route=%2Fwp%2Fv2%2Fcategories&post=39028"},{"taxonomy":"post_tag","embeddable":true,"href":"https:\/\/elcronistadigital.com\/index.php?rest_route=%2Fwp%2Fv2%2Ftags&post=39028"}],"curies":[{"name":"wp","href":"https:\/\/api.w.org\/{rel}","templated":true}]}}