{"id":39031,"date":"2015-04-13T10:07:36","date_gmt":"2015-04-13T16:07:36","guid":{"rendered":"http:\/\/elcronistadigital.com\/?p=39031"},"modified":"2015-04-13T10:07:36","modified_gmt":"2015-04-13T16:07:36","slug":"fallecio-el-escritor-aleman-gunter-grass","status":"publish","type":"post","link":"https:\/\/elcronistadigital.com\/?p=39031","title":{"rendered":"Falleci\u00f3 el escritor alem\u00e1n G\u00fcnter Grass"},"content":{"rendered":"<div id=\"attachment_39032\" style=\"width: 310px\" class=\"wp-caption alignleft\"><a href=\"https:\/\/elcronistadigital.com\/?attachment_id=39032\" rel=\"attachment wp-att-39032\"><img loading=\"lazy\" decoding=\"async\" aria-describedby=\"caption-attachment-39032\" class=\"size-medium wp-image-39032\" alt=\"Gunter Grass.\" src=\"https:\/\/elcronistadigital.com\/wp-content\/uploads\/2015\/04\/Gunter-Grass-300x203.jpg\" width=\"300\" height=\"203\" srcset=\"https:\/\/elcronistadigital.com\/wp-content\/uploads\/2015\/04\/Gunter-Grass-300x203.jpg 300w, https:\/\/elcronistadigital.com\/wp-content\/uploads\/2015\/04\/Gunter-Grass-342x232.jpg 342w, https:\/\/elcronistadigital.com\/wp-content\/uploads\/2015\/04\/Gunter-Grass.jpg 442w\" sizes=\"auto, (max-width: 300px) 100vw, 300px\" \/><\/a><p id=\"caption-attachment-39032\" class=\"wp-caption-text\">Gunter Grass.<\/p><\/div>\n<p>El autor de t\u00edtulos como \u00abEl tambor de hojalata\u00bb y \u00abEl gato y el rat\u00f3n\u00bb muri\u00f3 en L\u00fcbeck, en el norte de Alemania. Ganador en 1999 del Premio Nobel de Literatura y del Premio Pr\u00edncipe de Asturias, es considerado el escritor en lengua alemana m\u00e1s importante de la posguerra.<\/p>\n<p>Con un estilo marcado por influencias tan dispares como Francois Rabelais o los hermanos Grimm, el escritor explor\u00f3 en m\u00e1s de medio siglo g\u00e9neros tan diversos como el drama, la l\u00ed\u00adrica, el ballet, los aforismos, el ensayo, la novela y la autobiograf\u00ed\u00ada, adem\u00e1s de una m\u00f3dica producci\u00f3n de esculturas, dibujos y pinturas.<\/p>\n<p>\u00abEs una suerte que dispongamos de libros suficientes que, le\u00ed\u00addos en voz alta o baja, se conservan. Para m\u00ed\u00ad fueron ejemplares. Maestros como Melville o Doblin, pero tambi\u00e9n el alem\u00e1n b\u00ed\u00adblico de Lutero, me indujeron, cuando era joven y capaz de aprender, a escribir hablando, mezclando tinta y saliva\u00bb, asegur\u00f3 Grass en 1999 en el discurso escrito para la ceremonia de la concesi\u00f3n del Nobel de Literatura.<\/p>\n<p>Grass naci\u00f3 el 16 de octubre de 1927 en Gdansk (por entonces territorio alem\u00e1n, hoy en manos de Polonia), en el seno de una humilde familia protestante. Desde ni\u00f1o evidenci\u00f3 su destreza para el dibujo y la escritura, aunque su vocaci\u00f3n qued\u00f3 en suspenso durante la Segunda Guerra Mundial cuando fue convocado para cumplir con el servicio militar. Antes del finalizar el conflicto b\u00e9lico, el escritor fue herido cerca de Berl\u00ed\u00adn, capturado por tropas estadounidenses y encarcelado hasta su liberaci\u00f3n en 1946, cuando se reinsert\u00f3 socialmente desempe\u00f1ando tareas de labrador y minero.<\/p>\n<p>Su destino literario qued\u00f3 sellado en 1959 con la publicaci\u00f3n de su m\u00edtica obra \u00abEl tambor de hojalata\u00bb, una historia centrada en la vida de Oscar Matzerath que irrumpi\u00f3 en la Alemania de posguerra como una cronolog\u00eda devastadora del surgimiento del nazismo y los efectos de la Segunda Guerra Mundial. La fama del libro se dispar\u00f3 en 1978 cuando el realizador Volker Volker Schlondorff la llev\u00f3 al cine y gan\u00f3 por ella el Oscar a mejor pel\u00ed\u00adcula extranjera.<\/p>\n<p>Convencido de la imbricaci\u00f3n entre escritor y ciudadano, Grass fue un hombre de alto compromiso social que nunca dej\u00f3 de fijar posici\u00f3n sobre la agenda pol\u00edtica de su tiempo. \u00abLa principal obligaci\u00f3n del ciudadano es mantener la boca abierta\u00bb, asegur\u00f3 alguna vez. As\u00ed, a lo largo de su vida el autor de \u00abEl rodaballo\u00bb defendi\u00f3 a escritores perseguidos, fustig\u00f3 la energ\u00ed\u00ada nuclear, consider\u00f3 \u00abapresurada\u00bb la reunificaci\u00f3n alemana, public\u00f3 en 2003 un art\u00ed\u00adculo contra la guerra de Irak iniciada por el entonces presidente estadounidense George W. Bush y hasta polariz\u00f3 a la cr\u00edtica y a la sociedad con un poema titulado \u00abLo que hay que decir\u00bb, cuyas referencias contra Israel le valieron acusaciones de antisemita.<\/p>\n<p>Fue tambi\u00e9n uno de los intelectuales firmantes, en 1989, de la carta que reclam\u00f3 al entonces presidente de Estados Unidos George Bush padre un di\u00e1logo con Nicaragua, defendi\u00f3 a Salman Rushdie cuando el escritor recib\u00ed\u00ada amenazas de muerte del r\u00e9gimen iran\u00ed\u00ad por su obra \u00abVersos sat\u00e1nicos\u00bb y critic\u00f3 con dureza en 1997 el suministro alem\u00e1n de armamento a Turqu\u00ed\u00ada y la denegaci\u00f3n de asilo al pueblo kurdo.<\/p>\n<p>\u00abLa literatura vive de las crisis, florece entre los escombros y su funci\u00f3n es profanar cad\u00e1veres\u00bb, sostuvo Grass en un recordado discurso con el que celebr\u00f3 en 1999 la obtenci\u00f3n del Premio Pr\u00edncipe de Asturias 1999. \u00abLos testimonios presenciales de la literatura dan la palabra a los perdedores: a todos aquellos que no hacen la historia, pero a los que inevitablemente la historia les ocurre, porque su dictado los convierte en culpables o v\u00ed\u00adctimas, simpatizantes o perseguidos\u00bb, sostuvo en aquella ocasi\u00f3n.<\/p>\n<p>La narrativa de Grass estuvo siempre impregnada por la pol\u00e9mica: ya desde la aparici\u00f3n de \u00abEl tambor de hojalata\u00bb tuvo que declarar ante un tribunal por acusaciones de porn\u00f3grafo, pero el revuelo mayor se produjo con el lanzamiento de su biograf\u00eda \u00abPelando la cebolla\u00bb, donde desat\u00f3 un esc\u00e1ndalo tras revelar que durante su juventud hab\u00ed\u00ada sido miembro de las SS, la temible polic\u00eda nazi.<\/p>\n<p>\u00abYo siempre quise hablar de ello, contarlo, pero prefer\u00ed\u00ad mantenerlo dentro de m\u00ed\u00ad, encapsulado hasta encontrar la mejor forma. Cuando quieres escribir algo autobiogr\u00e1fico debes alcanzar cierta edad. Y \u00e9ste es el caso de mi libro\u00bb, destac\u00f3 en una entrevista publicada poco despu\u00e9s del lanzamiento de la autobiograf\u00eda.<\/p>\n<p>Hacia los 60, Grass escribi\u00f3 dos novelas que, junto a \u00abEl tambor de hojalata\u00bb integran la trilog\u00ed\u00ada de Danzig: \u00abEl gato y el rat\u00f3n\u00bb (1961) y \u00abA\u00f1os de perro\u00bb (1963). Por esos a\u00f1os particip\u00f3 de la campa\u00f1a en apoyo al partido socialdem\u00f3crata y testimoni\u00f3 esta experiencia en \u00abDiario de un caracol\u00bb (1972). En la d\u00e9cada del 70 el escritor viaj\u00f3 por Asia y Am\u00e9rica, se dedic\u00f3 al grabado y la litograf\u00ed\u00ada, escribi\u00f3 numerosos ensayos y la novela \u00abEl rodaballo\u00bb (1977), que se desarrolla en nueve \u00e9pocas, mezclando cuentos infantiles, mitolog\u00ed\u00ada e historia.<\/p>\n<p>En los 80, d\u00e9cada en la que se centr\u00f3 en el dibujo, su principal obra literaria fue \u00abLa ratesa\u00bb(1986), una novela apocal\u00ed\u00adptica en la que las ratas heredan la Tierra. Fue por esa \u00e9poca que viaj\u00f3 a la India, de donde regres\u00f3 unos meses m\u00e1s tarde con muchas ideas y un nuevo libro: \u00abSacar la lengua\u00bb (1988). En 1992 Grass public\u00f3 \u00abMalos presagios\u00bb aunque su gran obra por esos a\u00f1os fue \u00abEs cuento largo\u00bb (1995), en la que aborda el dif\u00edcil problema de la reunificaci\u00f3n alemana a partir de un paralelismo entre un personaje ficticio, Theo Wuttke, y el escritor decimon\u00f3nico Theodor Fontane, autor de \u00abEffi Briest\u00bb.<\/p>\n<p>El a\u00f1o pasado el escritor dio por concluida su obra narrativa debido a su delicado estado de salud. Estos \u00faltimos meses, seg\u00fan la prensa alemana, han sido silenciosos y solitarios.<\/p>\n<p>Fuente: P\u00e1gina 12.<\/p>\n","protected":false},"excerpt":{"rendered":"<p>El autor de t\u00edtulos como \u00abEl tambor de hojalata\u00bb y \u00abEl gato y el rat\u00f3n\u00bb muri\u00f3 en L\u00fcbeck, en el norte de Alemania. Ganador en 1999 del Premio Nobel de Literatura y del Premio Pr\u00edncipe de Asturias, es considerado el escritor en lengua alemana m\u00e1s importante de la posguerra. Con un estilo marcado por influencias [&hellip;]<\/p>\n","protected":false},"author":1,"featured_media":39032,"comment_status":"open","ping_status":"open","sticky":false,"template":"","format":"standard","meta":{"om_disable_all_campaigns":false,"_monsterinsights_skip_tracking":false,"_monsterinsights_sitenote_active":false,"_monsterinsights_sitenote_note":"","_monsterinsights_sitenote_category":0,"footnotes":""},"categories":[10,3524],"tags":[4428,4427],"class_list":["post-39031","post","type-post","status-publish","format-standard","has-post-thumbnail","hentry","category-cultura","category-noticas","tag-el-tambor-de-hojalata","tag-gunter-grass"],"aioseo_notices":[],"_links":{"self":[{"href":"https:\/\/elcronistadigital.com\/index.php?rest_route=\/wp\/v2\/posts\/39031","targetHints":{"allow":["GET"]}}],"collection":[{"href":"https:\/\/elcronistadigital.com\/index.php?rest_route=\/wp\/v2\/posts"}],"about":[{"href":"https:\/\/elcronistadigital.com\/index.php?rest_route=\/wp\/v2\/types\/post"}],"author":[{"embeddable":true,"href":"https:\/\/elcronistadigital.com\/index.php?rest_route=\/wp\/v2\/users\/1"}],"replies":[{"embeddable":true,"href":"https:\/\/elcronistadigital.com\/index.php?rest_route=%2Fwp%2Fv2%2Fcomments&post=39031"}],"version-history":[{"count":1,"href":"https:\/\/elcronistadigital.com\/index.php?rest_route=\/wp\/v2\/posts\/39031\/revisions"}],"predecessor-version":[{"id":39033,"href":"https:\/\/elcronistadigital.com\/index.php?rest_route=\/wp\/v2\/posts\/39031\/revisions\/39033"}],"wp:featuredmedia":[{"embeddable":true,"href":"https:\/\/elcronistadigital.com\/index.php?rest_route=\/wp\/v2\/media\/39032"}],"wp:attachment":[{"href":"https:\/\/elcronistadigital.com\/index.php?rest_route=%2Fwp%2Fv2%2Fmedia&parent=39031"}],"wp:term":[{"taxonomy":"category","embeddable":true,"href":"https:\/\/elcronistadigital.com\/index.php?rest_route=%2Fwp%2Fv2%2Fcategories&post=39031"},{"taxonomy":"post_tag","embeddable":true,"href":"https:\/\/elcronistadigital.com\/index.php?rest_route=%2Fwp%2Fv2%2Ftags&post=39031"}],"curies":[{"name":"wp","href":"https:\/\/api.w.org\/{rel}","templated":true}]}}