{"id":39040,"date":"2015-04-13T16:55:43","date_gmt":"2015-04-13T22:55:43","guid":{"rendered":"http:\/\/elcronistadigital.com\/?p=39040"},"modified":"2015-04-13T16:55:43","modified_gmt":"2015-04-13T22:55:43","slug":"laguna-de-apoyo-mas-limpia-y-bonita","status":"publish","type":"post","link":"https:\/\/elcronistadigital.com\/?p=39040","title":{"rendered":"Laguna de Apoyo m\u00e1s limpia y bonita"},"content":{"rendered":"<p><a href=\"https:\/\/elcronistadigital.com\/?attachment_id=39041\" rel=\"attachment wp-att-39041\"><img loading=\"lazy\" decoding=\"async\" class=\"alignleft size-full wp-image-39041\" alt=\"apoyo\" src=\"https:\/\/elcronistadigital.com\/wp-content\/uploads\/2015\/04\/apoyo.jpg\" width=\"400\" height=\"265\" srcset=\"https:\/\/elcronistadigital.com\/wp-content\/uploads\/2015\/04\/apoyo.jpg 400w, https:\/\/elcronistadigital.com\/wp-content\/uploads\/2015\/04\/apoyo-300x198.jpg 300w, https:\/\/elcronistadigital.com\/wp-content\/uploads\/2015\/04\/apoyo-342x226.jpg 342w\" sizes=\"auto, (max-width: 400px) 100vw, 400px\" \/><\/a>El Voluntariado Claro, Ej\u00e9rcito de Nicaragua, la Alcald\u00eda de Catarina y el movimiento ambientalista Guardabarranco, unieron esfuerzos y con mucho entusiasmo reafirmaron su compromiso con el medio ambiente participando en una jornada de limpieza en la laguna de Apoyo.<\/p>\n<p>El objetivo es generar conciencia en la ciudadan\u00eda en lo relacionado al cuido de los recursos naturales y, adem\u00e1s, remover la basura acumulada en las orillas de la laguna para luego trasladarlas hasta el botadero municipal, donde se le dar\u00e1 un adecuado tratamiento.<\/p>\n<p>\u201cEs de gran satisfacci\u00f3n haber culminado con \u00e9xito la segunda jornada de limpieza que realizamos en lo que va del a\u00f1o. En esta tarea realizada bajo nuestro programa Salv\u00e1 lo Bonito, logramos la participaci\u00f3n de m\u00e1s de 60 personas entre grupos ambientales, funcionarios de la comuna, miembros del Ej\u00e9rcito y voluntarios de Claro\u201d, expres\u00f3 Gilda Tinoco, Gerente de Comunicaci\u00f3n Corporativa de Claro Nicaragua.<\/p>\n<p>Salv\u00e1 lo Bonito es un programa de educaci\u00f3n ambiental enmarcado en los ejes de Responsabilidad Social Empresarial de Claro, mediante el cual se pretende fomentar una cultura de preservaci\u00f3n de los recursos naturales.<\/p>\n<p>A esta iniciativa se sum\u00f3 la Empresa de Productos L\u00e1cteos La Perfecta, como parte de su compromiso con la naturaleza.<\/p>\n<p>El Lic. Jorge Gonz\u00e1lez, Gerente General de la Perfecta, indic\u00f3 que como empresa \u201cQueremos impulsar la educaci\u00f3n ambiental apoyando actividades que promuevan actitudes y comportamientos respetuosos con el medio ambiente\u201d.<\/p>\n","protected":false},"excerpt":{"rendered":"<p>El Voluntariado Claro, Ej\u00e9rcito de Nicaragua, la Alcald\u00eda de Catarina y el movimiento ambientalista Guardabarranco, unieron esfuerzos y con mucho entusiasmo reafirmaron su compromiso con el medio ambiente participando en una jornada de limpieza en la laguna de Apoyo. El objetivo es generar conciencia en la ciudadan\u00eda en lo relacionado al cuido de los recursos [&hellip;]<\/p>\n","protected":false},"author":1,"featured_media":39041,"comment_status":"open","ping_status":"open","sticky":false,"template":"","format":"standard","meta":{"om_disable_all_campaigns":false,"_monsterinsights_skip_tracking":false,"_monsterinsights_sitenote_active":false,"_monsterinsights_sitenote_note":"","_monsterinsights_sitenote_category":0,"footnotes":""},"categories":[3,14],"tags":[4430,173,1012,3291],"class_list":["post-39040","post","type-post","status-publish","format-standard","has-post-thumbnail","hentry","category-nacionales","category-empresas","tag-alcaldia-de-managua","tag-claro","tag-ejercito-de-nicaragua","tag-laguna-de-apoyo"],"aioseo_notices":[],"_links":{"self":[{"href":"https:\/\/elcronistadigital.com\/index.php?rest_route=\/wp\/v2\/posts\/39040","targetHints":{"allow":["GET"]}}],"collection":[{"href":"https:\/\/elcronistadigital.com\/index.php?rest_route=\/wp\/v2\/posts"}],"about":[{"href":"https:\/\/elcronistadigital.com\/index.php?rest_route=\/wp\/v2\/types\/post"}],"author":[{"embeddable":true,"href":"https:\/\/elcronistadigital.com\/index.php?rest_route=\/wp\/v2\/users\/1"}],"replies":[{"embeddable":true,"href":"https:\/\/elcronistadigital.com\/index.php?rest_route=%2Fwp%2Fv2%2Fcomments&post=39040"}],"version-history":[{"count":1,"href":"https:\/\/elcronistadigital.com\/index.php?rest_route=\/wp\/v2\/posts\/39040\/revisions"}],"predecessor-version":[{"id":39042,"href":"https:\/\/elcronistadigital.com\/index.php?rest_route=\/wp\/v2\/posts\/39040\/revisions\/39042"}],"wp:featuredmedia":[{"embeddable":true,"href":"https:\/\/elcronistadigital.com\/index.php?rest_route=\/wp\/v2\/media\/39041"}],"wp:attachment":[{"href":"https:\/\/elcronistadigital.com\/index.php?rest_route=%2Fwp%2Fv2%2Fmedia&parent=39040"}],"wp:term":[{"taxonomy":"category","embeddable":true,"href":"https:\/\/elcronistadigital.com\/index.php?rest_route=%2Fwp%2Fv2%2Fcategories&post=39040"},{"taxonomy":"post_tag","embeddable":true,"href":"https:\/\/elcronistadigital.com\/index.php?rest_route=%2Fwp%2Fv2%2Ftags&post=39040"}],"curies":[{"name":"wp","href":"https:\/\/api.w.org\/{rel}","templated":true}]}}