{"id":39043,"date":"2015-04-14T06:36:13","date_gmt":"2015-04-14T12:36:13","guid":{"rendered":"http:\/\/elcronistadigital.com\/?p=39043"},"modified":"2015-04-14T06:36:13","modified_gmt":"2015-04-14T12:36:13","slug":"mujeres-por-los-peluditos","status":"publish","type":"post","link":"https:\/\/elcronistadigital.com\/?p=39043","title":{"rendered":"Mujeres por los peluditos"},"content":{"rendered":"<p><a href=\"https:\/\/elcronistadigital.com\/?attachment_id=39044\" rel=\"attachment wp-att-39044\"><img loading=\"lazy\" decoding=\"async\" class=\"alignleft size-full wp-image-39044\" alt=\"peluditos\" src=\"https:\/\/elcronistadigital.com\/wp-content\/uploads\/2015\/04\/peluditos.jpg\" width=\"350\" height=\"711\" srcset=\"https:\/\/elcronistadigital.com\/wp-content\/uploads\/2015\/04\/peluditos.jpg 350w, https:\/\/elcronistadigital.com\/wp-content\/uploads\/2015\/04\/peluditos-147x300.jpg 147w, https:\/\/elcronistadigital.com\/wp-content\/uploads\/2015\/04\/peluditos-342x694.jpg 342w, https:\/\/elcronistadigital.com\/wp-content\/uploads\/2015\/04\/peluditos-300x609.jpg 300w\" sizes=\"auto, (max-width: 350px) 100vw, 350px\" \/><\/a>\u201cMujeres por los peluditos\u201d es el nombre del gran concierto que el viernes 17 de abril, a partir de las 7:00 de la noche, brindar\u00e1n en el restaurante Mar\u00eda Bonita las m\u00e1s grandes artistas de Nicaragua en beneficio de las obras que realiza la Fundaci\u00f3n Amarte.<\/p>\n<p>Con lo recaudado, se apoyar\u00e1n las atenciones veterinarias gratuitas en todo el pa\u00eds, las jornadas de castraci\u00f3n en los departamentos y las atenciones a caballos de carretoneros.<\/p>\n<p>Los tickets de preventa cuestan 100 c\u00f3rdobas en Fundaci\u00f3n Amarte y en Mar\u00eda Bonita. El d\u00eda del concierto costar\u00e1n C$ 150.<\/p>\n","protected":false},"excerpt":{"rendered":"<p>\u201cMujeres por los peluditos\u201d es el nombre del gran concierto que el viernes 17 de abril, a partir de las 7:00 de la noche, brindar\u00e1n en el restaurante Mar\u00eda Bonita las m\u00e1s grandes artistas de Nicaragua en beneficio de las obras que realiza la Fundaci\u00f3n Amarte. Con lo recaudado, se apoyar\u00e1n las atenciones veterinarias gratuitas [&hellip;]<\/p>\n","protected":false},"author":1,"featured_media":39044,"comment_status":"open","ping_status":"open","sticky":false,"template":"","format":"standard","meta":{"om_disable_all_campaigns":false,"_monsterinsights_skip_tracking":false,"_monsterinsights_sitenote_active":false,"_monsterinsights_sitenote_note":"","_monsterinsights_sitenote_category":0,"footnotes":""},"categories":[3],"tags":[4433,1017,1436,4434,4431,4432],"class_list":["post-39043","post","type-post","status-publish","format-standard","has-post-thumbnail","hentry","category-nacionales","tag-belen-cardenal","tag-enrique-rimbaud","tag-fundacion-amarte","tag-keyla-rodriguez","tag-maria-bonita","tag-norma-elena-gadea"],"aioseo_notices":[],"_links":{"self":[{"href":"https:\/\/elcronistadigital.com\/index.php?rest_route=\/wp\/v2\/posts\/39043","targetHints":{"allow":["GET"]}}],"collection":[{"href":"https:\/\/elcronistadigital.com\/index.php?rest_route=\/wp\/v2\/posts"}],"about":[{"href":"https:\/\/elcronistadigital.com\/index.php?rest_route=\/wp\/v2\/types\/post"}],"author":[{"embeddable":true,"href":"https:\/\/elcronistadigital.com\/index.php?rest_route=\/wp\/v2\/users\/1"}],"replies":[{"embeddable":true,"href":"https:\/\/elcronistadigital.com\/index.php?rest_route=%2Fwp%2Fv2%2Fcomments&post=39043"}],"version-history":[{"count":1,"href":"https:\/\/elcronistadigital.com\/index.php?rest_route=\/wp\/v2\/posts\/39043\/revisions"}],"predecessor-version":[{"id":39045,"href":"https:\/\/elcronistadigital.com\/index.php?rest_route=\/wp\/v2\/posts\/39043\/revisions\/39045"}],"wp:featuredmedia":[{"embeddable":true,"href":"https:\/\/elcronistadigital.com\/index.php?rest_route=\/wp\/v2\/media\/39044"}],"wp:attachment":[{"href":"https:\/\/elcronistadigital.com\/index.php?rest_route=%2Fwp%2Fv2%2Fmedia&parent=39043"}],"wp:term":[{"taxonomy":"category","embeddable":true,"href":"https:\/\/elcronistadigital.com\/index.php?rest_route=%2Fwp%2Fv2%2Fcategories&post=39043"},{"taxonomy":"post_tag","embeddable":true,"href":"https:\/\/elcronistadigital.com\/index.php?rest_route=%2Fwp%2Fv2%2Ftags&post=39043"}],"curies":[{"name":"wp","href":"https:\/\/api.w.org\/{rel}","templated":true}]}}