{"id":39056,"date":"2015-04-14T10:57:22","date_gmt":"2015-04-14T16:57:22","guid":{"rendered":"http:\/\/elcronistadigital.com\/?p=39056"},"modified":"2015-04-14T10:57:22","modified_gmt":"2015-04-14T16:57:22","slug":"nicaragua-rebate-argumentos-ticos-en-la-haya","status":"publish","type":"post","link":"https:\/\/elcronistadigital.com\/?p=39056","title":{"rendered":"Nicaragua rebate argumentos ticos en La Haya"},"content":{"rendered":"<p><a href=\"https:\/\/elcronistadigital.com\/?attachment_id=39057\" rel=\"attachment wp-att-39057\"><img loading=\"lazy\" decoding=\"async\" class=\"alignleft size-medium wp-image-39057\" alt=\"Harbour-Head\" src=\"https:\/\/elcronistadigital.com\/wp-content\/uploads\/2015\/04\/Harbour-Head1-300x162.jpg\" width=\"300\" height=\"162\" srcset=\"https:\/\/elcronistadigital.com\/wp-content\/uploads\/2015\/04\/Harbour-Head1-300x162.jpg 300w, https:\/\/elcronistadigital.com\/wp-content\/uploads\/2015\/04\/Harbour-Head1-342x184.jpg 342w, https:\/\/elcronistadigital.com\/wp-content\/uploads\/2015\/04\/Harbour-Head1.jpg 640w\" sizes=\"auto, (max-width: 300px) 100vw, 300px\" \/><\/a>Nicaragua present\u00f3 este martes una f\u00e9rrea defensa contra los argumentos orales hechos por Costa Rica en la Corte Internacional de Justicia (CIJ), en el caso del diferendo lim\u00edtrofe en la zona de Harbour Head.<\/p>\n<p>El representante ante ese tribunal, doctor Carlos Arg\u00fcello, asegur\u00f3 que Nicaragua defender\u00e1 su posici\u00f3n en las audiencias correspondientes, reiter\u00f3 que se acatar\u00e1 la decisi\u00f3n de la Corte y se pasar\u00e1 p\u00e1gina una vez que termine el proceso el 1 de mayo.<\/p>\n<p>Frente a los argumentos de San Jos\u00e9, Arg\u00fcello dijo que no mantiene la misma interpretaci\u00f3n que Costa Rica\u00bb en la audiencia y que su pa\u00eds no asume \u00abda\u00f1os en materia medioambiental\u00bb.<\/p>\n<p>En la Corte, los ticos intentaron cuestionar el dragado que realizan las autoridades en el nicarag\u00fcense r\u00edo San Juan y aducen una invasi\u00f3n de territorio en la zona de Harbour Head.<\/p>\n<p>Por su parte, Marcelo Kohen, profesor de ley internacional del Instituto Universitario de Altos Estudios Internacionales en Ginebra y de la delegaci\u00f3n de Costa Rica, reconoci\u00f3 que Nicaragua nunca antes declar\u00f3 contradicciones en las delimitaciones de las fronteras establecidos entre ambos pa\u00edses y defendi\u00f3 2010 como una fecha cr\u00edtica a partir de la que se crea una disputa.<\/p>\n<p>Kohen record\u00f3 que las dos naciones \u00abhab\u00edan firmado conformidad en cuanto a las fronteras entre ambos pa\u00edses tanto en el Tratado Ca\u00f1as-Jerez de 1858 y en las Actas de Alexander en 1897, y ambos pa\u00edses publicaron mapas con id\u00e9ntica frontera\u00bb.<\/p>\n<p>Durante estas audiencias se examinar\u00e1n los documentos y pruebas aportadas por parte de los expertos que han sido citados por ambas partes, comenzando por los de Costa Rica y siguiendo el viernes con los de Nicaragua.<\/p>\n<p>En la demanda presentada por Nicaragua en 2011, se acusa a Costa Rica de causar da\u00f1os ambientales al r\u00edo San Juan durante la construcci\u00f3n de un camino de lastre de 160 kil\u00f3metros que corre paralelo al afluente.<\/p>\n<p>Una serie deslaves han ocurrido en esa zona del r\u00edo San Juan, producto de los trabajos hechos en la llamada \u201ctrocha ecocida\u201d<\/p>\n<p>La CIJ tramita desde 2013 en un solo expediente dos demandas entre los dos pa\u00edses centroamericanos.<\/p>\n<p>La primera ronda de argumentos orales se extender\u00e1 hasta el d\u00eda 24 y ser\u00e1 seguida por una segunda que durar\u00e1 hasta el 1 de mayo.<\/p>\n","protected":false},"excerpt":{"rendered":"<p>Nicaragua present\u00f3 este martes una f\u00e9rrea defensa contra los argumentos orales hechos por Costa Rica en la Corte Internacional de Justicia (CIJ), en el caso del diferendo lim\u00edtrofe en la zona de Harbour Head. El representante ante ese tribunal, doctor Carlos Arg\u00fcello, asegur\u00f3 que Nicaragua defender\u00e1 su posici\u00f3n en las audiencias correspondientes, reiter\u00f3 que se [&hellip;]<\/p>\n","protected":false},"author":1,"featured_media":39057,"comment_status":"open","ping_status":"open","sticky":false,"template":"","format":"standard","meta":{"om_disable_all_campaigns":false,"_monsterinsights_skip_tracking":false,"_monsterinsights_sitenote_active":false,"_monsterinsights_sitenote_note":"","_monsterinsights_sitenote_category":0,"footnotes":""},"categories":[3524,13],"tags":[1390,4200,1176,396,4409],"class_list":["post-39056","post","type-post","status-publish","format-standard","has-post-thumbnail","hentry","category-noticas","category-portada","tag-cij","tag-harboud-head","tag-isla-calero","tag-la-haya","tag-portillos"],"aioseo_notices":[],"_links":{"self":[{"href":"https:\/\/elcronistadigital.com\/index.php?rest_route=\/wp\/v2\/posts\/39056","targetHints":{"allow":["GET"]}}],"collection":[{"href":"https:\/\/elcronistadigital.com\/index.php?rest_route=\/wp\/v2\/posts"}],"about":[{"href":"https:\/\/elcronistadigital.com\/index.php?rest_route=\/wp\/v2\/types\/post"}],"author":[{"embeddable":true,"href":"https:\/\/elcronistadigital.com\/index.php?rest_route=\/wp\/v2\/users\/1"}],"replies":[{"embeddable":true,"href":"https:\/\/elcronistadigital.com\/index.php?rest_route=%2Fwp%2Fv2%2Fcomments&post=39056"}],"version-history":[{"count":1,"href":"https:\/\/elcronistadigital.com\/index.php?rest_route=\/wp\/v2\/posts\/39056\/revisions"}],"predecessor-version":[{"id":39058,"href":"https:\/\/elcronistadigital.com\/index.php?rest_route=\/wp\/v2\/posts\/39056\/revisions\/39058"}],"wp:featuredmedia":[{"embeddable":true,"href":"https:\/\/elcronistadigital.com\/index.php?rest_route=\/wp\/v2\/media\/39057"}],"wp:attachment":[{"href":"https:\/\/elcronistadigital.com\/index.php?rest_route=%2Fwp%2Fv2%2Fmedia&parent=39056"}],"wp:term":[{"taxonomy":"category","embeddable":true,"href":"https:\/\/elcronistadigital.com\/index.php?rest_route=%2Fwp%2Fv2%2Fcategories&post=39056"},{"taxonomy":"post_tag","embeddable":true,"href":"https:\/\/elcronistadigital.com\/index.php?rest_route=%2Fwp%2Fv2%2Ftags&post=39056"}],"curies":[{"name":"wp","href":"https:\/\/api.w.org\/{rel}","templated":true}]}}