{"id":39062,"date":"2015-04-14T14:24:45","date_gmt":"2015-04-14T20:24:45","guid":{"rendered":"http:\/\/elcronistadigital.com\/?p=39062"},"modified":"2015-04-14T14:24:45","modified_gmt":"2015-04-14T20:24:45","slug":"exageramos-con-medidas-contra-ebola","status":"publish","type":"post","link":"https:\/\/elcronistadigital.com\/?p=39062","title":{"rendered":"\u00bfExageramos con medidas contra \u00e9bola?"},"content":{"rendered":"<p><a href=\"https:\/\/elcronistadigital.com\/?attachment_id=39063\" rel=\"attachment wp-att-39063\"><img loading=\"lazy\" decoding=\"async\" class=\"alignleft size-medium wp-image-39063\" alt=\"\u00e9bola\" src=\"https:\/\/elcronistadigital.com\/wp-content\/uploads\/2015\/04\/\u00e9bola-300x178.jpg\" width=\"300\" height=\"178\" srcset=\"https:\/\/elcronistadigital.com\/wp-content\/uploads\/2015\/04\/\u00e9bola-300x178.jpg 300w, https:\/\/elcronistadigital.com\/wp-content\/uploads\/2015\/04\/\u00e9bola-342x203.jpg 342w, https:\/\/elcronistadigital.com\/wp-content\/uploads\/2015\/04\/\u00e9bola.jpg 679w\" sizes=\"auto, (max-width: 300px) 100vw, 300px\" \/><\/a>\u00bfExager\u00f3 Nicaragua con el caso del funcionario de la Embajada de Estados Unidos que estuvo en contacto, seg\u00fan confirm\u00f3 \u00e9l mismo, con pacientes enfermos de \u00e9bola en Liberia, \u00c1frica?<\/p>\n<p>Definitivamente no. Aunque ha ca\u00eddo el n\u00famero de casos de \u00e9bola en \u00c1frica Occidental, luego de un a\u00f1o, el brote sigue constituyendo una emergencia internacional, afirm\u00f3 la Organizaci\u00f3n Mundial de la Salud.<\/p>\n<p>En agosto del a\u00f1o pasado, la agencia de salud de Naciones Unidas declar\u00f3 que la epidemia del virus letal constitu\u00eda una emergencia mundial tras las muertes de casi 1.000 personas, mayormente en Guinea, Sierra Leona y Liberia.<\/p>\n<p>Cuando arreciaba la enfermedad el a\u00f1o pasado, se reportaban centenares de casos nuevos por semana. En una actualizaci\u00f3n, la OMS report\u00f3 30 casos confirmados la semana pasada en Guinea y Sierra Leona. El \u00faltimo caso en Liberia fue de un paciente que muri\u00f3 el 27 de marzo.<\/p>\n<p>El doctor Bruce Aylward, que encabeza la respuesta de la OMS al \u00e9bola, dijo que la declinaci\u00f3n parec\u00eda confirmarse y no ser una mera pausa, seg\u00fan un cable de AP.<\/p>\n<p>Hasta el momento, se calcula que el \u00e9bola ha infectado a m\u00e1s de 25.500 personas y que ha matado a 10.587, en su mayor\u00eda en \u00c1frica Occidental.<\/p>\n<p>Durante una conferencia de prensa en Ginebra el viernes, Aylward dijo que el comit\u00e9 de emergencia del \u00e9bola en la OMS cree que el riesgo de que el virus se propague a nivel mundial parece disminuir.<\/p>\n<p>\u00abTodav\u00eda no estamos controlando la epidemia\u00bb, advirti\u00f3 Brice de le Vingne, director de operaciones de M\u00e9dicos sin Fronteras, quien record\u00f3 que algunas pausas anteriormente han sido seguidas por un aumento de casos. Agreg\u00f3 que es necesaria la designaci\u00f3n del \u00e9bola como emergencia mundial para acelerar los tr\u00e1mites para las pruebas con medicamentos y vacunas experimentales en \u00c1frica Occidental.<\/p>\n<p>Otros expertos coincidieron en que es prematuro que la OMS degrade la condici\u00f3n del mayor brote de \u00e9bola y dijeron que la reciente disminuci\u00f3n de casos podr\u00eda ser enga\u00f1osa.<\/p>\n<p>\u00abOcurre que estamos acostumbrados a ver un elevado n\u00famero de casos y de muertes\u00bb, explic\u00f3 Oyewale Tomori, un vir\u00f3logo nigeriano que integra el comit\u00e9 de emergencia del \u00e9bola en la OMS. \u00abEsas cifras deber\u00edan seguir asust\u00e1ndonos\u00bb.<\/p>\n<p>Tomori agreg\u00f3 que, aunque los casos han ca\u00eddo notablemente, es demasiado pronto como para bajar la guardia. \u00abLos tres pa\u00edses se declararon libres de \u00e9bola en alg\u00fan momento, solo para hallar m\u00e1s tarde un tendal de cad\u00e1veres\u00bb, escribi\u00f3 en un correo electr\u00f3nico.<\/p>\n","protected":false},"excerpt":{"rendered":"<p>\u00bfExager\u00f3 Nicaragua con el caso del funcionario de la Embajada de Estados Unidos que estuvo en contacto, seg\u00fan confirm\u00f3 \u00e9l mismo, con pacientes enfermos de \u00e9bola en Liberia, \u00c1frica? Definitivamente no. Aunque ha ca\u00eddo el n\u00famero de casos de \u00e9bola en \u00c1frica Occidental, luego de un a\u00f1o, el brote sigue constituyendo una emergencia internacional, afirm\u00f3 [&hellip;]<\/p>\n","protected":false},"author":1,"featured_media":39063,"comment_status":"open","ping_status":"open","sticky":false,"template":"","format":"standard","meta":{"om_disable_all_campaigns":false,"_monsterinsights_skip_tracking":false,"_monsterinsights_sitenote_active":false,"_monsterinsights_sitenote_note":"","_monsterinsights_sitenote_category":0,"footnotes":""},"categories":[7,3524],"tags":[4452,4086,3784,1169,1171],"class_list":["post-39062","post","type-post","status-publish","format-standard","has-post-thumbnail","hentry","category-salud-y-belleza","category-noticas","tag-africa","tag-ebola","tag-minsa","tag-oms","tag-ops"],"aioseo_notices":[],"_links":{"self":[{"href":"https:\/\/elcronistadigital.com\/index.php?rest_route=\/wp\/v2\/posts\/39062","targetHints":{"allow":["GET"]}}],"collection":[{"href":"https:\/\/elcronistadigital.com\/index.php?rest_route=\/wp\/v2\/posts"}],"about":[{"href":"https:\/\/elcronistadigital.com\/index.php?rest_route=\/wp\/v2\/types\/post"}],"author":[{"embeddable":true,"href":"https:\/\/elcronistadigital.com\/index.php?rest_route=\/wp\/v2\/users\/1"}],"replies":[{"embeddable":true,"href":"https:\/\/elcronistadigital.com\/index.php?rest_route=%2Fwp%2Fv2%2Fcomments&post=39062"}],"version-history":[{"count":1,"href":"https:\/\/elcronistadigital.com\/index.php?rest_route=\/wp\/v2\/posts\/39062\/revisions"}],"predecessor-version":[{"id":39064,"href":"https:\/\/elcronistadigital.com\/index.php?rest_route=\/wp\/v2\/posts\/39062\/revisions\/39064"}],"wp:featuredmedia":[{"embeddable":true,"href":"https:\/\/elcronistadigital.com\/index.php?rest_route=\/wp\/v2\/media\/39063"}],"wp:attachment":[{"href":"https:\/\/elcronistadigital.com\/index.php?rest_route=%2Fwp%2Fv2%2Fmedia&parent=39062"}],"wp:term":[{"taxonomy":"category","embeddable":true,"href":"https:\/\/elcronistadigital.com\/index.php?rest_route=%2Fwp%2Fv2%2Fcategories&post=39062"},{"taxonomy":"post_tag","embeddable":true,"href":"https:\/\/elcronistadigital.com\/index.php?rest_route=%2Fwp%2Fv2%2Ftags&post=39062"}],"curies":[{"name":"wp","href":"https:\/\/api.w.org\/{rel}","templated":true}]}}