{"id":39070,"date":"2015-04-14T15:26:37","date_gmt":"2015-04-14T21:26:37","guid":{"rendered":"http:\/\/elcronistadigital.com\/?p=39070"},"modified":"2015-04-14T15:26:37","modified_gmt":"2015-04-14T21:26:37","slug":"arguello-costa-rica-sin-argumentos-en-la-haya","status":"publish","type":"post","link":"https:\/\/elcronistadigital.com\/?p=39070","title":{"rendered":"Arg\u00fcello: \u201cCosta Rica sin argumentos en La Haya\u201d"},"content":{"rendered":"<div id=\"attachment_39071\" style=\"width: 410px\" class=\"wp-caption alignleft\"><a href=\"https:\/\/elcronistadigital.com\/?attachment_id=39071\" rel=\"attachment wp-att-39071\"><img loading=\"lazy\" decoding=\"async\" aria-describedby=\"caption-attachment-39071\" class=\"size-full wp-image-39071\" alt=\"Dr. Carlos Arg\u00fcello.\" src=\"https:\/\/elcronistadigital.com\/wp-content\/uploads\/2015\/04\/Carlos-Arg\u00fcello.jpg\" width=\"400\" height=\"266\" srcset=\"https:\/\/elcronistadigital.com\/wp-content\/uploads\/2015\/04\/Carlos-Arg\u00fcello.jpg 400w, https:\/\/elcronistadigital.com\/wp-content\/uploads\/2015\/04\/Carlos-Arg\u00fcello-300x199.jpg 300w, https:\/\/elcronistadigital.com\/wp-content\/uploads\/2015\/04\/Carlos-Arg\u00fcello-342x227.jpg 342w\" sizes=\"auto, (max-width: 400px) 100vw, 400px\" \/><\/a><p id=\"caption-attachment-39071\" class=\"wp-caption-text\">Dr. Carlos Arg\u00fcello.<\/p><\/div>\n<p>Sin argumentos se qued\u00f3 este martes Costa Rica ante la Corte Internacional de Justicia (CIJ-La Haya), durante el proceso de audiencias orales en el caso diferendo lim\u00edtrofe de Harbour Head, valor\u00f3 el doctor Carlos Arg\u00fcello, representante de Nicaragua ante ese m\u00e1ximo tribunal.<\/p>\n<p>El especialistas nicarag\u00fcense en derecho internacional, sostuvo que los jueces de La Haya, hicieron preguntas importantes y efectivas a los expertos de Costa Rica, sin embargo estos (los costarricenses) no abonaron nada nuevo a este proceso de audiencias orales.<\/p>\n<p>\u201cSe logr\u00f3 que el experto de ellos (de La Haya), dejara claro que con fotograf\u00edas a\u00e9reas, es imposible determinar si hay ca\u00f1os en el suelo (de Harbour Head); y la \u00fanica manera de hacerlo es con la inspecci\u00f3n f\u00edsica, que nunca se ha hecho\u201d, explic\u00f3.<\/p>\n<p>A trav\u00e9s de una llamada telef\u00f3nica desde La Haya, a trav\u00e9s de Multinoticias, Canal 4, el doctor Arg\u00fcello, tambi\u00e9n indic\u00f3 que uno de los jueces de la Corte Internacional de Justicia (CIJ), les pregunt\u00f3 a los expertos costarricenses, en qu\u00e9 perjudica el dragado que desarrolla Nicaragua en el r\u00edo San Juan.<\/p>\n<p>\u201cEn cuanto al dragado (del r\u00edo San Juan) que tambi\u00e9n Costa Rica reclama; hoy uno de los jueces les hizo una pregunta, que van a contestar los costarricenses ma\u00f1ana, y es que \u00e9l (el juez de La Haya) no ve en qu\u00e9 el dragado ha perjudicado a Costa Rica\u201d, refiri\u00f3.<\/p>\n<p>El representante de Nicaragua ante este m\u00e1ximo tribunal de justicia, valor\u00f3 que hasta el momento las cosas van caminando bien en este proceso de audiencias orales; tomando en cuenta que La Haya hizo preguntas efectivas ante los alegatos de Costa Rica.<\/p>\n<p>\u201cNosotros (Nicaragua) vamos a presentar pruebas el jueves y el viernes, con testigos y expertos, que van a demostrar lo contrario de lo que Costa Rica ha estado diciendo\u201d, asegur\u00f3 Arg\u00fcello.<\/p>\n<p>Inform\u00f3 que la pr\u00f3xima semana, Nicaragua reclamar\u00e1 (en la primera ronda de alegatos), ante La Haya, por la carretera que construy\u00f3 Costa Rica a la margen del R\u00edo San Juan, y ha causado gran destrucci\u00f3n de los recursos naturales y ecosistema del mismo.<\/p>\n<p>Explic\u00f3 que, en relaci\u00f3n al caso del ca\u00f1o en Harbour Head, Nicaragua est\u00e1 esperando que Costa Rica presente un informe de lo que hizo en esta zona ante la Corte Internacional de Justicia.<\/p>\n<p>\u201cCosta Rica le dijo a la CIJ que lo iba a presentar la pr\u00f3xima semana (el informe). Como no podemos entrar en la zona, no podemos verificar lo que hicieron (los costarricenses). Pero toda la apariencia que tiene, es que fueron a cerrar un ca\u00f1o con un material que no exist\u00eda all\u00ed. Fue mal hecho, y era innecesario\u201d, expuso.<\/p>\n<p>El doctor Arg\u00fcello explic\u00f3 que el trabajo que tiene La Haya, en relaci\u00f3n a los diferendos de Costa Rica y Nicaragua, es bastante intenso, tomando en cuenta que se juntaron los dos casos (caso de Harbour Head y el caso del dragado del R\u00edo San Juan), y es la primera vez que la CIJ lleva dos juicios paralelamente.<\/p>\n<p>Fuente: El 19.<\/p>\n","protected":false},"excerpt":{"rendered":"<p>Sin argumentos se qued\u00f3 este martes Costa Rica ante la Corte Internacional de Justicia (CIJ-La Haya), durante el proceso de audiencias orales en el caso diferendo lim\u00edtrofe de Harbour Head, valor\u00f3 el doctor Carlos Arg\u00fcello, representante de Nicaragua ante ese m\u00e1ximo tribunal. El especialistas nicarag\u00fcense en derecho internacional, sostuvo que los jueces de La Haya, [&hellip;]<\/p>\n","protected":false},"author":1,"featured_media":39071,"comment_status":"open","ping_status":"open","sticky":false,"template":"","format":"standard","meta":{"om_disable_all_campaigns":false,"_monsterinsights_skip_tracking":false,"_monsterinsights_sitenote_active":false,"_monsterinsights_sitenote_note":"","_monsterinsights_sitenote_category":0,"footnotes":""},"categories":[3524,13],"tags":[4453,1390,1293,1176,396,4409,467],"class_list":["post-39070","post","type-post","status-publish","format-standard","has-post-thumbnail","hentry","category-noticas","category-portada","tag-carlos-arguello","tag-cij","tag-harbour-head","tag-isla-calero","tag-la-haya","tag-portillos","tag-rio-san-juan"],"aioseo_notices":[],"_links":{"self":[{"href":"https:\/\/elcronistadigital.com\/index.php?rest_route=\/wp\/v2\/posts\/39070","targetHints":{"allow":["GET"]}}],"collection":[{"href":"https:\/\/elcronistadigital.com\/index.php?rest_route=\/wp\/v2\/posts"}],"about":[{"href":"https:\/\/elcronistadigital.com\/index.php?rest_route=\/wp\/v2\/types\/post"}],"author":[{"embeddable":true,"href":"https:\/\/elcronistadigital.com\/index.php?rest_route=\/wp\/v2\/users\/1"}],"replies":[{"embeddable":true,"href":"https:\/\/elcronistadigital.com\/index.php?rest_route=%2Fwp%2Fv2%2Fcomments&post=39070"}],"version-history":[{"count":1,"href":"https:\/\/elcronistadigital.com\/index.php?rest_route=\/wp\/v2\/posts\/39070\/revisions"}],"predecessor-version":[{"id":39072,"href":"https:\/\/elcronistadigital.com\/index.php?rest_route=\/wp\/v2\/posts\/39070\/revisions\/39072"}],"wp:featuredmedia":[{"embeddable":true,"href":"https:\/\/elcronistadigital.com\/index.php?rest_route=\/wp\/v2\/media\/39071"}],"wp:attachment":[{"href":"https:\/\/elcronistadigital.com\/index.php?rest_route=%2Fwp%2Fv2%2Fmedia&parent=39070"}],"wp:term":[{"taxonomy":"category","embeddable":true,"href":"https:\/\/elcronistadigital.com\/index.php?rest_route=%2Fwp%2Fv2%2Fcategories&post=39070"},{"taxonomy":"post_tag","embeddable":true,"href":"https:\/\/elcronistadigital.com\/index.php?rest_route=%2Fwp%2Fv2%2Ftags&post=39070"}],"curies":[{"name":"wp","href":"https:\/\/api.w.org\/{rel}","templated":true}]}}