{"id":39090,"date":"2015-04-15T07:03:43","date_gmt":"2015-04-15T13:03:43","guid":{"rendered":"http:\/\/elcronistadigital.com\/?p=39090"},"modified":"2015-04-15T07:03:43","modified_gmt":"2015-04-15T13:03:43","slug":"taller-para-jovenes-cineastas-de-nicaragua","status":"publish","type":"post","link":"https:\/\/elcronistadigital.com\/?p=39090","title":{"rendered":"Taller para j\u00f3venes cineastas de Nicaragua"},"content":{"rendered":"<div id=\"attachment_39091\" style=\"width: 410px\" class=\"wp-caption alignleft\"><a href=\"https:\/\/elcronistadigital.com\/?attachment_id=39091\" rel=\"attachment wp-att-39091\"><img loading=\"lazy\" decoding=\"async\" aria-describedby=\"caption-attachment-39091\" class=\"size-full wp-image-39091\" alt=\"La actriz Camila Selser, nacida en Nicaragua, ser\u00e1 una de las instructoras en el taller.\" src=\"https:\/\/elcronistadigital.com\/wp-content\/uploads\/2015\/04\/camila-1.png\" width=\"400\" height=\"264\" srcset=\"https:\/\/elcronistadigital.com\/wp-content\/uploads\/2015\/04\/camila-1.png 400w, https:\/\/elcronistadigital.com\/wp-content\/uploads\/2015\/04\/camila-1-300x198.png 300w, https:\/\/elcronistadigital.com\/wp-content\/uploads\/2015\/04\/camila-1-342x225.png 342w\" sizes=\"auto, (max-width: 400px) 100vw, 400px\" \/><\/a><p id=\"caption-attachment-39091\" class=\"wp-caption-text\">La actriz Camila Selser, nacida en Nicaragua, ser\u00e1 una de las instructoras en el taller.<\/p><\/div>\n<p>Unos 17 j\u00f3venes cineastas de Nicaragua recibir\u00e1n un taller de cine impartido por expertos de M\u00e9xico y Centroam\u00e9rica, anunci\u00f3 el martes la productora Cinema Regional, que tiene entre sus socios a la actriz mexicana de origen nicarag\u00fcense Camila Selser y al cineasta nicarag\u00fcense nominado al Oscar, Gabriel Serra.<\/p>\n<p>El taller ser\u00e1 impartido entre mayo y julio a j\u00f3venes cineastas de diferentes regiones de Nicaragua.<\/p>\n<p>\u201cLa idea es que ellos se conviertan en realizadores y m\u00e1s tarde puedan multiplicar los conocimientos que adquirieron, que puedan hacer pel\u00edculas de ficci\u00f3n\u201d, dijo a Acan-Efe Selser.<\/p>\n<p>La iniciativa fue elogiada por la Asociaci\u00f3n Nicarag\u00fcense de Cinematograf\u00eda (Anci).<\/p>\n<p>\u201cEs un proyecto importante, porque se necesita profesionalizar a los j\u00f3venes de Nicaragua, estamos a la cola de lo que se est\u00e1 haciendo en Guatemala, El Salvador, Costa Rica\u201d, afirm\u00f3 Kathy Sevilla, directora de la Anci.<\/p>\n<p>Los estudiantes, que recibir\u00e1n sus clases en la Universidad Centroamericana (UCA), en Managua, tendr\u00e1n que presentar sus obras al final del curso, mismas que podr\u00e1n ser apoyadas por el Festival Internacional de Cine de Morelia (FICM).<\/p>\n<p>\u201cDe todos los lenguajes art\u00edsticos, el que est\u00e1 m\u00e1s cerca de los j\u00f3venes es el cine, Morelia ofrece ayuda en todo lo que sea posible\u201d, afirm\u00f3 el cineasta mexicano y director del FICM, Cuauht\u00e9moc C\u00e1rdenas Batel.<\/p>\n<p>\u201cA largo plazo quisi\u00e9ramos abrir una escuela de cine, pero en espec\u00edfico con este taller lo que estamos esperando es que cada uno de sus alumnos sean autores de sus proyectos, que sean capaces de generar sus proyectos, de realizarlos y de difundirlos\u201d, resalt\u00f3 Selser.<\/p>\n<p>El Centro Cultural Pablo Antonio Cuadra tambi\u00e9n expres\u00f3 su inter\u00e9s en actividades culturales relacionadas con el proyecto.<\/p>\n<p>El cine nicarag\u00fcense, que arroj\u00f3 m\u00faltiples producciones en los a\u00f1os 80, hoy enfrenta problemas para desarrollarse, por lo cual los cineastas suelen trabajar fuera del pa\u00eds, como el caso de Serra, nominado al Oscar 2015 por La Parka, una pel\u00edcula producida en M\u00e9xico.<\/p>\n","protected":false},"excerpt":{"rendered":"<p>Unos 17 j\u00f3venes cineastas de Nicaragua recibir\u00e1n un taller de cine impartido por expertos de M\u00e9xico y Centroam\u00e9rica, anunci\u00f3 el martes la productora Cinema Regional, que tiene entre sus socios a la actriz mexicana de origen nicarag\u00fcense Camila Selser y al cineasta nicarag\u00fcense nominado al Oscar, Gabriel Serra. El taller ser\u00e1 impartido entre mayo y [&hellip;]<\/p>\n","protected":false},"author":1,"featured_media":39091,"comment_status":"open","ping_status":"open","sticky":false,"template":"","format":"standard","meta":{"om_disable_all_campaigns":false,"_monsterinsights_skip_tracking":false,"_monsterinsights_sitenote_active":false,"_monsterinsights_sitenote_note":"","_monsterinsights_sitenote_category":0,"footnotes":""},"categories":[10,3524],"tags":[4461,4458,4460,4459,4463,4464,4462],"class_list":["post-39090","post","type-post","status-publish","format-standard","has-post-thumbnail","hentry","category-cultura","category-noticas","tag-anci","tag-camila-selser","tag-cinema-regional","tag-gabriel-serra","tag-gael-garcia","tag-pablo-antonio-cuadra","tag-uca"],"aioseo_notices":[],"_links":{"self":[{"href":"https:\/\/elcronistadigital.com\/index.php?rest_route=\/wp\/v2\/posts\/39090","targetHints":{"allow":["GET"]}}],"collection":[{"href":"https:\/\/elcronistadigital.com\/index.php?rest_route=\/wp\/v2\/posts"}],"about":[{"href":"https:\/\/elcronistadigital.com\/index.php?rest_route=\/wp\/v2\/types\/post"}],"author":[{"embeddable":true,"href":"https:\/\/elcronistadigital.com\/index.php?rest_route=\/wp\/v2\/users\/1"}],"replies":[{"embeddable":true,"href":"https:\/\/elcronistadigital.com\/index.php?rest_route=%2Fwp%2Fv2%2Fcomments&post=39090"}],"version-history":[{"count":1,"href":"https:\/\/elcronistadigital.com\/index.php?rest_route=\/wp\/v2\/posts\/39090\/revisions"}],"predecessor-version":[{"id":39092,"href":"https:\/\/elcronistadigital.com\/index.php?rest_route=\/wp\/v2\/posts\/39090\/revisions\/39092"}],"wp:featuredmedia":[{"embeddable":true,"href":"https:\/\/elcronistadigital.com\/index.php?rest_route=\/wp\/v2\/media\/39091"}],"wp:attachment":[{"href":"https:\/\/elcronistadigital.com\/index.php?rest_route=%2Fwp%2Fv2%2Fmedia&parent=39090"}],"wp:term":[{"taxonomy":"category","embeddable":true,"href":"https:\/\/elcronistadigital.com\/index.php?rest_route=%2Fwp%2Fv2%2Fcategories&post=39090"},{"taxonomy":"post_tag","embeddable":true,"href":"https:\/\/elcronistadigital.com\/index.php?rest_route=%2Fwp%2Fv2%2Ftags&post=39090"}],"curies":[{"name":"wp","href":"https:\/\/api.w.org\/{rel}","templated":true}]}}