{"id":39120,"date":"2015-04-16T07:00:29","date_gmt":"2015-04-16T13:00:29","guid":{"rendered":"http:\/\/elcronistadigital.com\/?p=39120"},"modified":"2015-04-16T07:00:29","modified_gmt":"2015-04-16T13:00:29","slug":"capturan-a-dos-profugos-norteamericanos","status":"publish","type":"post","link":"https:\/\/elcronistadigital.com\/?p=39120","title":{"rendered":"Capturan a dos pr\u00f3fugos norteamericanos"},"content":{"rendered":"<p><a href=\"https:\/\/elcronistadigital.com\/?attachment_id=39121\" rel=\"attachment wp-att-39121\"><img loading=\"lazy\" decoding=\"async\" class=\"alignleft size-medium wp-image-39121\" alt=\"gringos detenidos\" src=\"https:\/\/elcronistadigital.com\/wp-content\/uploads\/2015\/04\/gringos-detenidos-300x225.jpg\" width=\"300\" height=\"225\" srcset=\"https:\/\/elcronistadigital.com\/wp-content\/uploads\/2015\/04\/gringos-detenidos-300x225.jpg 300w, https:\/\/elcronistadigital.com\/wp-content\/uploads\/2015\/04\/gringos-detenidos-342x256.jpg 342w, https:\/\/elcronistadigital.com\/wp-content\/uploads\/2015\/04\/gringos-detenidos-60x45.jpg 60w, https:\/\/elcronistadigital.com\/wp-content\/uploads\/2015\/04\/gringos-detenidos-150x113.jpg 150w, https:\/\/elcronistadigital.com\/wp-content\/uploads\/2015\/04\/gringos-detenidos-269x201.jpg 269w, https:\/\/elcronistadigital.com\/wp-content\/uploads\/2015\/04\/gringos-detenidos.jpg 640w\" sizes=\"auto, (max-width: 300px) 100vw, 300px\" \/><\/a>Dos norteamericanos buscados por diferentes delitos y que hab\u00edan ingresado ilegalmente a nuestro pa\u00eds, fueron detenidos por la Polic\u00eda de Nicaragua, seg\u00fan dio a conocer el comisionado general Juan Ram\u00f3n Gradiz, jefe de la Direcci\u00f3n de Auxilio Judicial.<\/p>\n<p>Se trata de los ciudadanos estadounidenses Cyrus Anoushirvan Sepher y Richard Glen Williamson, quien explic\u00f3 en torno al primero que fue apresado cuando hac\u00eda tr\u00e1mites migratorios y detectaron que hab\u00eda ingresado de forma irregular a nuestro pa\u00eds.<\/p>\n<p>Gradiz dijo que \u201cen el caso de Richard, fue detenido en el municipio de El J\u00edcaro, en Nueva Segovia, las autoridades policiales cuando miran al ciudadano le requieren la documentaci\u00f3n como extranjero que es, cuando manifiesta que fue extraviado, se traslad\u00f3 inmediatamente al albergue nacional para este tipo de ciudadanos de migrantes irregulares en el pa\u00eds; luego nos lo remiten a nosotros para hacer las investigaciones y tenemos tambi\u00e9n este resultado\u201d.<\/p>\n<p>Las investigaciones efectuadas por la Direcci\u00f3n de Auxilio Judicial, revelan que Cyrus Anoushirvan Sepher ingres\u00f3 de forma irregular a Nicaragua el primero de abril del 2015, fecha en la que report\u00f3 ante la Embajada Americana en Managua, la p\u00e9rdida de su pasaporte; tambi\u00e9n tiene orden de arresto emitida por las autoridades de San Jos\u00e9, Costa Rica, el primero de abril del 2015, por el presunto delito de estafa mayor bajo causa n\u00famero 12-001015-0612-TP.<\/p>\n<p>Como antecedentes, registra que el 2 de mayo del 2014 fue capturado por autoridades de Costa Rica, cumpli\u00f3 prisi\u00f3n preventiva en el Hospital CIMA de San Jos\u00e9, donde permaneci\u00f3 11 meses custodiado por oficiales de la fuerza p\u00fablica Costa Rica; y el 1 de abril del 2015, en horas de la madrugada, se da a la fuga evadiendo la custodia policial del vecino pa\u00eds, disfraz\u00e1ndose de m\u00e9dico.<\/p>\n<p>El 9 de abril 2015, la Oficina Central Nacional de Interpol en San Jos\u00e9, Costa Rica, publica nota roja, n\u00famero de control A-2635\/4-2015, en contra de Cyrus Anoushirvan Sepher.<\/p>\n<p>Los resultados investigativos sobre Richard Glen Williamson, muestran que ingres\u00f3 a Nicaragua de forma irregular a mediados de febrero y la consulta con las autoridades correspondientes confirman que tiene orden de captura y proceso judicial pendiente por los presuntos cargos de posesi\u00f3n, venta y distribuci\u00f3n de estupefacientes en la ciudad de Washington, por las autoridades del estado de Arkansas.<\/p>\n","protected":false},"excerpt":{"rendered":"<p>Dos norteamericanos buscados por diferentes delitos y que hab\u00edan ingresado ilegalmente a nuestro pa\u00eds, fueron detenidos por la Polic\u00eda de Nicaragua, seg\u00fan dio a conocer el comisionado general Juan Ram\u00f3n Gradiz, jefe de la Direcci\u00f3n de Auxilio Judicial. Se trata de los ciudadanos estadounidenses Cyrus Anoushirvan Sepher y Richard Glen Williamson, quien explic\u00f3 en torno [&hellip;]<\/p>\n","protected":false},"author":1,"featured_media":39121,"comment_status":"open","ping_status":"open","sticky":false,"template":"","format":"standard","meta":{"om_disable_all_campaigns":false,"_monsterinsights_skip_tracking":false,"_monsterinsights_sitenote_active":false,"_monsterinsights_sitenote_note":"","_monsterinsights_sitenote_category":0,"footnotes":""},"categories":[3524],"tags":[4485,1414,437],"class_list":["post-39120","post","type-post","status-publish","format-standard","has-post-thumbnail","hentry","category-noticas","tag-glen-williamson","tag-interpol","tag-policia-de-nicaragua"],"aioseo_notices":[],"_links":{"self":[{"href":"https:\/\/elcronistadigital.com\/index.php?rest_route=\/wp\/v2\/posts\/39120","targetHints":{"allow":["GET"]}}],"collection":[{"href":"https:\/\/elcronistadigital.com\/index.php?rest_route=\/wp\/v2\/posts"}],"about":[{"href":"https:\/\/elcronistadigital.com\/index.php?rest_route=\/wp\/v2\/types\/post"}],"author":[{"embeddable":true,"href":"https:\/\/elcronistadigital.com\/index.php?rest_route=\/wp\/v2\/users\/1"}],"replies":[{"embeddable":true,"href":"https:\/\/elcronistadigital.com\/index.php?rest_route=%2Fwp%2Fv2%2Fcomments&post=39120"}],"version-history":[{"count":1,"href":"https:\/\/elcronistadigital.com\/index.php?rest_route=\/wp\/v2\/posts\/39120\/revisions"}],"predecessor-version":[{"id":39122,"href":"https:\/\/elcronistadigital.com\/index.php?rest_route=\/wp\/v2\/posts\/39120\/revisions\/39122"}],"wp:featuredmedia":[{"embeddable":true,"href":"https:\/\/elcronistadigital.com\/index.php?rest_route=\/wp\/v2\/media\/39121"}],"wp:attachment":[{"href":"https:\/\/elcronistadigital.com\/index.php?rest_route=%2Fwp%2Fv2%2Fmedia&parent=39120"}],"wp:term":[{"taxonomy":"category","embeddable":true,"href":"https:\/\/elcronistadigital.com\/index.php?rest_route=%2Fwp%2Fv2%2Fcategories&post=39120"},{"taxonomy":"post_tag","embeddable":true,"href":"https:\/\/elcronistadigital.com\/index.php?rest_route=%2Fwp%2Fv2%2Ftags&post=39120"}],"curies":[{"name":"wp","href":"https:\/\/api.w.org\/{rel}","templated":true}]}}