{"id":39123,"date":"2015-04-16T07:45:13","date_gmt":"2015-04-16T13:45:13","guid":{"rendered":"http:\/\/elcronistadigital.com\/?p=39123"},"modified":"2015-04-16T07:45:13","modified_gmt":"2015-04-16T13:45:13","slug":"una-gigantona-de-nicaragua-en-fiesta-de-espana","status":"publish","type":"post","link":"https:\/\/elcronistadigital.com\/?p=39123","title":{"rendered":"Una gigantona de Nicaragua en fiesta de Espa\u00f1a"},"content":{"rendered":"<div id=\"attachment_39124\" style=\"width: 460px\" class=\"wp-caption alignleft\"><a href=\"https:\/\/elcronistadigital.com\/?attachment_id=39124\" rel=\"attachment wp-att-39124\"><img loading=\"lazy\" decoding=\"async\" aria-describedby=\"caption-attachment-39124\" class=\"size-full wp-image-39124\" alt=\"Paquita, la gigantona de Nicaragua que llam\u00f3 la atenci\u00f3n en un pueblo de Arag\u00f3n, Espa\u00f1a.\" src=\"https:\/\/elcronistadigital.com\/wp-content\/uploads\/2015\/04\/Paquita.jpg\" width=\"450\" height=\"650\" srcset=\"https:\/\/elcronistadigital.com\/wp-content\/uploads\/2015\/04\/Paquita.jpg 450w, https:\/\/elcronistadigital.com\/wp-content\/uploads\/2015\/04\/Paquita-207x300.jpg 207w, https:\/\/elcronistadigital.com\/wp-content\/uploads\/2015\/04\/Paquita-342x494.jpg 342w, https:\/\/elcronistadigital.com\/wp-content\/uploads\/2015\/04\/Paquita-300x433.jpg 300w\" sizes=\"auto, (max-width: 450px) 100vw, 450px\" \/><\/a><p id=\"caption-attachment-39124\" class=\"wp-caption-text\">Paquita, la gigantona de Nicaragua que llam\u00f3 la atenci\u00f3n en un pueblo de Arag\u00f3n, Espa\u00f1a.<\/p><\/div>\n<p>\u201cPaquita\u201d, una gigantona de Nicaragua, estuvo presente en La Puebla de H\u00edjar, en Arag\u00f3n, Espa\u00f1a, en el paso de relevo para el\u00a0 que ser\u00e1 el 17 de mayo.<\/p>\n<p>La Puebla de H\u00edjar toma el relevo y diferentes comparsas del territorio fueron testigos el fin de semana del paso de relevo para llevar a cabo la organizaci\u00f3n de la cita, seg\u00fan publica lacomarca.net.<\/p>\n<p>Representantes de Calatayud se desplazaron hasta la localidad del Bajo Mart\u00edn en una jornada festiva que despert\u00f3 muchas emociones, sobre todo, con la presencia de \u201cPaquita\u201d.<\/p>\n<p>Para la curiosidad de muchos vecinos se present\u00f3 a Paquita, una gigantona procedente de Nicaragua. Esta guapa y esbelta mujer lleg\u00f3 desde el otro lado del charco en la maleta del integrante de la comparsa de gigantes de La Puebla de H\u00edjar y profesor de la Escuela de M\u00fasica y Danza de Zaragoza, Mario Gros.<\/p>\n<p>El poblano hizo un viaje de intercambio a Le\u00f3n (Nicaragua) y all\u00ed contact\u00f3 con la Asociaci\u00f3n &#8216;Viva Le\u00f3n Jodido&#8217; y compr\u00f3 a Paquita. Aunque solo trajo la cabeza fue en las \u00faltimas navidades cuando se le fabric\u00f3 el cuerpo que luci\u00f3 con un traje ex\u00f3tico y sombrero cordob\u00e9s ante cientos de personas este fin de semana.<\/p>\n<p>Todo fabricado en La Puebla. La tradici\u00f3n de los gigantes en Nicaragua la explic\u00f3 Gros en una conferencia en la tarde del s\u00e1bado, justo despu\u00e9s del intercambio del bast\u00f3n de la organizaci\u00f3n.<\/p>\n<p>Cont\u00f3 curiosidades, como que all\u00ed a las gigantonas se les conoce como &#8216;chelitas&#8217; y son iguales a las espa\u00f1olas pero con la cabeza hueca. Representan a la mujer europea de la \u00e9poca de la colonizaci\u00f3n con cierta iron\u00eda, ya que \u00abno tienen nada en la cabeza\u00bb.<\/p>\n<p>El orgullo de presentar a este gigante de 2,60 metros de altura y 14 kilos, lo tiene Concha Breto, tambi\u00e9n integrante de la comparsa que, tras el regalo que le hizo Gros, se ha convertido en porteadora. \u00abMe gustan mucho los gigantes y para m\u00ed la gigantona de Nicaragua fue una bonita sorpresa\u00bb, explic\u00f3.<\/p>\n<p>El gigante Labordeta, invitado de honor en todas las ocasiones, no falt\u00f3 a la cita del cambio de bast\u00f3n en la que un representante de la comparsa de la localidad vecina de Calatayud se lo cedi\u00f3 al alcalde de La Puebla de H\u00edjar, Pedro Bello.<\/p>\n<p>El encargado de realizar el cambio de mando fue Alfredo Cabrera, presidente de la Asociaci\u00f3n de Porteadores, M\u00fasicos y Amigos de los Gigantes de Arag\u00f3n (APOMAGA).<\/p>\n<p>A la jornada festiva asistieron miembros de hasta nueve comparsas de diferentes puntos de la comunidad, con los que la asociaci\u00f3n celebr\u00f3 una reuni\u00f3n con el fin de ultimar detalles de cara a la cita del 17 de mayo. Se sumaron a la fiesta cientos de vecinos y sus protagonistas: los gigantes poblanos como Aisha y Farax y los gigantillos Mu\u00e7a y Zaf\u00e1n el mago. La tarde acab\u00f3 como lo hacen todas de gigantes, con un desfile por las calles.<a href=\"https:\/\/elcronistadigital.com\/?attachment_id=39125\" rel=\"attachment wp-att-39125\"><img loading=\"lazy\" decoding=\"async\" class=\"alignright size-medium wp-image-39125\" alt=\"Paquita 1\" src=\"https:\/\/elcronistadigital.com\/wp-content\/uploads\/2015\/04\/Paquita-1-300x207.jpg\" width=\"300\" height=\"207\" srcset=\"https:\/\/elcronistadigital.com\/wp-content\/uploads\/2015\/04\/Paquita-1-300x207.jpg 300w, https:\/\/elcronistadigital.com\/wp-content\/uploads\/2015\/04\/Paquita-1-342x236.jpg 342w, https:\/\/elcronistadigital.com\/wp-content\/uploads\/2015\/04\/Paquita-1.jpg 650w\" sizes=\"auto, (max-width: 300px) 100vw, 300px\" \/><\/a><\/p>\n<p>Encuentro regional<\/p>\n<p>La Puebla acoger\u00e1 el XV Encuentro de Gigantes de Arag\u00f3n el 17 de mayo. \u00abCreemos que vendr\u00e1n en torno a unas 20 comparsas, ser\u00e1 muy bonito\u00bb, expres\u00f3 Breto. Con este acontecimiento, la localidad reunir\u00e1 a alrededor de 600 personas y m\u00e1s de setenta gigantes que desfilar\u00e1n por el paseo de la Alameda y otras calles poblanas en esta cita imprescindible en el calendario aragon\u00e9s.<\/p>\n","protected":false},"excerpt":{"rendered":"<p>\u201cPaquita\u201d, una gigantona de Nicaragua, estuvo presente en La Puebla de H\u00edjar, en Arag\u00f3n, Espa\u00f1a, en el paso de relevo para el\u00a0 que ser\u00e1 el 17 de mayo. La Puebla de H\u00edjar toma el relevo y diferentes comparsas del territorio fueron testigos el fin de semana del paso de relevo para llevar a cabo la [&hellip;]<\/p>\n","protected":false},"author":1,"featured_media":39124,"comment_status":"open","ping_status":"open","sticky":false,"template":"","format":"standard","meta":{"om_disable_all_campaigns":false,"_monsterinsights_skip_tracking":false,"_monsterinsights_sitenote_active":false,"_monsterinsights_sitenote_note":"","_monsterinsights_sitenote_category":0,"footnotes":""},"categories":[3524,13],"tags":[4487,4488,4489,4486,4490],"class_list":["post-39123","post","type-post","status-publish","format-standard","has-post-thumbnail","hentry","category-noticas","category-portada","tag-gigantes","tag-gigantes-de-espana","tag-gigantona-de-nicaragua","tag-gigantonas","tag-xv-encuentro-de-gigantes-de-aragon"],"aioseo_notices":[],"_links":{"self":[{"href":"https:\/\/elcronistadigital.com\/index.php?rest_route=\/wp\/v2\/posts\/39123","targetHints":{"allow":["GET"]}}],"collection":[{"href":"https:\/\/elcronistadigital.com\/index.php?rest_route=\/wp\/v2\/posts"}],"about":[{"href":"https:\/\/elcronistadigital.com\/index.php?rest_route=\/wp\/v2\/types\/post"}],"author":[{"embeddable":true,"href":"https:\/\/elcronistadigital.com\/index.php?rest_route=\/wp\/v2\/users\/1"}],"replies":[{"embeddable":true,"href":"https:\/\/elcronistadigital.com\/index.php?rest_route=%2Fwp%2Fv2%2Fcomments&post=39123"}],"version-history":[{"count":1,"href":"https:\/\/elcronistadigital.com\/index.php?rest_route=\/wp\/v2\/posts\/39123\/revisions"}],"predecessor-version":[{"id":39126,"href":"https:\/\/elcronistadigital.com\/index.php?rest_route=\/wp\/v2\/posts\/39123\/revisions\/39126"}],"wp:featuredmedia":[{"embeddable":true,"href":"https:\/\/elcronistadigital.com\/index.php?rest_route=\/wp\/v2\/media\/39124"}],"wp:attachment":[{"href":"https:\/\/elcronistadigital.com\/index.php?rest_route=%2Fwp%2Fv2%2Fmedia&parent=39123"}],"wp:term":[{"taxonomy":"category","embeddable":true,"href":"https:\/\/elcronistadigital.com\/index.php?rest_route=%2Fwp%2Fv2%2Fcategories&post=39123"},{"taxonomy":"post_tag","embeddable":true,"href":"https:\/\/elcronistadigital.com\/index.php?rest_route=%2Fwp%2Fv2%2Ftags&post=39123"}],"curies":[{"name":"wp","href":"https:\/\/api.w.org\/{rel}","templated":true}]}}