{"id":39135,"date":"2015-04-17T07:54:44","date_gmt":"2015-04-17T13:54:44","guid":{"rendered":"http:\/\/elcronistadigital.com\/?p=39135"},"modified":"2015-04-17T07:54:44","modified_gmt":"2015-04-17T13:54:44","slug":"no-hay-evidencia-de-danos-de-nicaragua-hacia-costa-rica","status":"publish","type":"post","link":"https:\/\/elcronistadigital.com\/?p=39135","title":{"rendered":"No hay evidencia de da\u00f1os de Nicaragua hacia Costa Rica"},"content":{"rendered":"<p><em><strong><a href=\"https:\/\/elcronistadigital.com\/?attachment_id=39136\" rel=\"attachment wp-att-39136\"><img loading=\"lazy\" decoding=\"async\" class=\"alignleft size-medium wp-image-39136\" alt=\"haya\" src=\"https:\/\/elcronistadigital.com\/wp-content\/uploads\/2015\/04\/haya-300x180.jpg\" width=\"300\" height=\"180\" srcset=\"https:\/\/elcronistadigital.com\/wp-content\/uploads\/2015\/04\/haya-300x180.jpg 300w, https:\/\/elcronistadigital.com\/wp-content\/uploads\/2015\/04\/haya-342x205.jpg 342w, https:\/\/elcronistadigital.com\/wp-content\/uploads\/2015\/04\/haya.jpg 640w\" sizes=\"auto, (max-width: 300px) 100vw, 300px\" \/><\/a>La Haya<\/strong><\/em>.- Expertos citados por Nicaragua ante la Corte Internacional de Justicia (CIJ), dijeron hoy que \u00abno hay evidencias\u00bb que impliquen la voluntad de Nicaragua de causar da\u00f1os ambientales en un territorio en disputa con Costa Rica.<\/p>\n<p>El abogado contratado por Nicaragua, Paul Reichler, defendi\u00f3 en la segunda jornada de argumentos orales de Managua ante la corte que los trabajos de dragado ten\u00edan como objetivo, \u00abayudar a preservar la salud medioambiental del r\u00edo San Juan\u00bb y \u00abpermitir la navegaci\u00f3n\u00bb, cit\u00f3 Efe.<\/p>\n<p>A juicio de Reichler, los \u00abdocumentos presentados por Costa Rica\u00bb muestran \u00abla disminuci\u00f3n del flujo del r\u00edo Colorado desde 2006\u00bb y \u00abtambi\u00e9n del r\u00edo San Juan\u00bb y \u00abno implican causalidad\u00bb en el sentido de que hayan sido \u00abcausados\u00bb por las actuaciones de Nicaragua.<\/p>\n<p>En relaci\u00f3n a las obras de un canal, Reichler afirm\u00f3 que \u00abNicaragua determin\u00f3 dicha construcci\u00f3n para permitir la navegaci\u00f3n de botes\u00bb, \u00abmantener agua necesaria para la supervivencia\u00bb y \u00abayudar a preservar la salud medioambiental del r\u00edo San Juan\u00bb.<\/p>\n<p>Asimismo, destac\u00f3 que tal y como \u00abCosta Rica asumi\u00f3 el martes\u00bb en su turno de argumentos orales ante la CIJ, el r\u00edo San Juan \u00abest\u00e1 lleno de sedimentos que impiden la navegaci\u00f3n y reducen la corriente del r\u00edo\u00bb, de manera que \u00abno se puede navegar\u00bb y en ocasiones \u00abse tarda d\u00edas en llegar al destino\u00bb.<\/p>\n<p>En este sentido, afirm\u00f3 que igual que Costa Rica presenta en el estudio realizado por el profesor Thorne \u00abmantener la navegaci\u00f3n en el r\u00edo San Juan requiere dragado\u00bb y \u00ab\u00e9ste es precisamente el objetivo de Nicaragua\u00bb.<\/p>\n<p>Frente a los argumentos de Costa Rica, que denuncia \u00abda\u00f1os causados por Nicaragua\u00bb y \u00abuna reducci\u00f3n significativa del caudal del r\u00edo Colorado\u00bb que representan \u00abdram\u00e1ticas implicaciones medioambientales\u00bb, Reichler afirm\u00f3 que \u00abno hay evidencia de que el dragado haya causado da\u00f1os en el r\u00edo Colorado\u00bb ni \u00abninguna evidencia de que afecte significativamente al caudal\u00bb de este r\u00edo.<\/p>\n<p>Asimismo se\u00f1al\u00f3 que \u00abrechaza las alegaciones de Costa Rica\u00bb y que \u00abno hay evidencias que impliquen la voluntad de Nicaragua de causar da\u00f1os\u00bb, que no las ha habido y que \u00abno las habr\u00e1 en el futuro\u00bb.<\/p>\n<p>Igualmente recalc\u00f3 que \u00abCosta Rica ha fallado en mostrar que Nicaragua ha causado da\u00f1os\u00bb.<\/p>\n<p>Costa Rica asegura que Nicaragua caus\u00f3 da\u00f1os a un humedal protegido por convenios internacionales en territorio costarricense al abrir un canal para intentar unir el r\u00edo San Juan, de soberan\u00eda nicarag\u00fcense, con el mar Caribe.<\/p>\n<p>Por su parte, Nicaragua afirma que esa zona le pertenece y la llama Harbour Head.<\/p>\n<p>El caso que enfrenta a ambos pa\u00edses centroamericanos tiene su origen en una demanda presentada por Costa Rica en 2010 por una supuesta invasi\u00f3n de Nicaragua a territorio costarricense en la fluvial Isla Portillos o Isla Calero, cercana a la costa del Caribe.<\/p>\n<p>Costa Rica ampli\u00f3 la demanda en septiembre de 2013 al denunciar ante la CIJ que Nicaragua abri\u00f3 dos ca\u00f1os m\u00e1s en la zona en disputa, pese a que la Corte hab\u00eda ordenado a ambos pa\u00edses medidas cautelares como mantener despejado el sitio.<\/p>\n<p>Los jueces decidieron agregar al caso una demanda de 2011 de Nicaragua contra Costa Rica por supuestos da\u00f1os ambientales al r\u00edo San Juan durante la construcci\u00f3n de un camino de lastre de unos 160 kil\u00f3metros que corre paralelo al afluente.<\/p>\n<p>Las audiencias que comenzaron este martes con los argumentos orales de Costa Rica terminar\u00e1n el 1 de mayo.<\/p>\n<p>Se trata de las \u00faltimas audiencias p\u00fablicas que celebra la CIJ en el caso, antes de comenzar las deliberaciones, que pueden durar entre cuatro y seis meses, seg\u00fan las fuentes consultadas.<\/p>\n","protected":false},"excerpt":{"rendered":"<p>La Haya.- Expertos citados por Nicaragua ante la Corte Internacional de Justicia (CIJ), dijeron hoy que \u00abno hay evidencias\u00bb que impliquen la voluntad de Nicaragua de causar da\u00f1os ambientales en un territorio en disputa con Costa Rica. El abogado contratado por Nicaragua, Paul Reichler, defendi\u00f3 en la segunda jornada de argumentos orales de Managua ante [&hellip;]<\/p>\n","protected":false},"author":1,"featured_media":39136,"comment_status":"open","ping_status":"open","sticky":false,"template":"","format":"standard","meta":{"om_disable_all_campaigns":false,"_monsterinsights_skip_tracking":false,"_monsterinsights_sitenote_active":false,"_monsterinsights_sitenote_note":"","_monsterinsights_sitenote_category":0,"footnotes":""},"categories":[3524,13],"tags":[1390,1293,1176,396,4495,4496,467],"class_list":["post-39135","post","type-post","status-publish","format-standard","has-post-thumbnail","hentry","category-noticas","category-portada","tag-cij","tag-harbour-head","tag-isla-calero","tag-la-haya","tag-paul-reichler","tag-rio-coloerado","tag-rio-san-juan"],"aioseo_notices":[],"_links":{"self":[{"href":"https:\/\/elcronistadigital.com\/index.php?rest_route=\/wp\/v2\/posts\/39135","targetHints":{"allow":["GET"]}}],"collection":[{"href":"https:\/\/elcronistadigital.com\/index.php?rest_route=\/wp\/v2\/posts"}],"about":[{"href":"https:\/\/elcronistadigital.com\/index.php?rest_route=\/wp\/v2\/types\/post"}],"author":[{"embeddable":true,"href":"https:\/\/elcronistadigital.com\/index.php?rest_route=\/wp\/v2\/users\/1"}],"replies":[{"embeddable":true,"href":"https:\/\/elcronistadigital.com\/index.php?rest_route=%2Fwp%2Fv2%2Fcomments&post=39135"}],"version-history":[{"count":1,"href":"https:\/\/elcronistadigital.com\/index.php?rest_route=\/wp\/v2\/posts\/39135\/revisions"}],"predecessor-version":[{"id":39137,"href":"https:\/\/elcronistadigital.com\/index.php?rest_route=\/wp\/v2\/posts\/39135\/revisions\/39137"}],"wp:featuredmedia":[{"embeddable":true,"href":"https:\/\/elcronistadigital.com\/index.php?rest_route=\/wp\/v2\/media\/39136"}],"wp:attachment":[{"href":"https:\/\/elcronistadigital.com\/index.php?rest_route=%2Fwp%2Fv2%2Fmedia&parent=39135"}],"wp:term":[{"taxonomy":"category","embeddable":true,"href":"https:\/\/elcronistadigital.com\/index.php?rest_route=%2Fwp%2Fv2%2Fcategories&post=39135"},{"taxonomy":"post_tag","embeddable":true,"href":"https:\/\/elcronistadigital.com\/index.php?rest_route=%2Fwp%2Fv2%2Ftags&post=39135"}],"curies":[{"name":"wp","href":"https:\/\/api.w.org\/{rel}","templated":true}]}}