{"id":39249,"date":"2015-04-24T11:23:42","date_gmt":"2015-04-24T17:23:42","guid":{"rendered":"http:\/\/elcronistadigital.com\/?p=39249"},"modified":"2015-04-24T11:23:42","modified_gmt":"2015-04-24T17:23:42","slug":"resonancia-magnetica-en-ayuda-contra-malaria","status":"publish","type":"post","link":"https:\/\/elcronistadigital.com\/?p=39249","title":{"rendered":"Resonancia magn\u00e9tica en ayuda contra malaria"},"content":{"rendered":"<p><a href=\"https:\/\/elcronistadigital.com\/?attachment_id=39250\" rel=\"attachment wp-att-39250\"><img loading=\"lazy\" decoding=\"async\" class=\"alignleft size-medium wp-image-39250\" alt=\"malaria\" src=\"https:\/\/elcronistadigital.com\/wp-content\/uploads\/2015\/04\/malaria-300x199.jpg\" width=\"300\" height=\"199\" srcset=\"https:\/\/elcronistadigital.com\/wp-content\/uploads\/2015\/04\/malaria-300x199.jpg 300w, https:\/\/elcronistadigital.com\/wp-content\/uploads\/2015\/04\/malaria-342x227.jpg 342w, https:\/\/elcronistadigital.com\/wp-content\/uploads\/2015\/04\/malaria.jpg 772w\" sizes=\"auto, (max-width: 300px) 100vw, 300px\" \/><\/a><em><strong>* A pesar de los esfuerzos, en algunos pa\u00edses como Colombia, Brasil, Hait\u00ed, Venezuela, Per\u00fa y Nicaragua se siguen presentando casos de este padecimiento, por ello, la relevancia de este estudio es significativa, a\u00fan m\u00e1s cuando la Malaria afecta a un porcentaje importante de poblaci\u00f3n infantil.<\/strong><\/em><\/p>\n<p>Panam\u00e1 .- La malaria o paludismo es una enfermedad producida por par\u00e1sitos del g\u00e9nero Plasmodium, transmitida por la picadura del mosquito anopheles, una vez en el cuerpo, los par\u00e1sitos se multiplican en el h\u00edgado y entonces, infectan y destruyen las c\u00e9lulas rojas de la sangre; los s\u00edntomas incluyen dolor de cabeza, fiebre, escalofr\u00edos, v\u00f3mito, anemia e ictericia.<\/p>\n<p>Se estima que el 90% de las personas que muri\u00f3 en el a\u00f1o 2013 era de \u00c1frica, en su mayor\u00eda menores de edad.<\/p>\n<p>En Latinoam\u00e9rica, la tasa de mortalidad de la Malaria ha ido disminuyendo desde el 2011 gracias a los esfuerzos de organizaciones dedicadas al mejoramiento de la salud y gobiernos para combatir esta enfermedad. Sin embargo, a pesar de los esfuerzos, en algunos pa\u00edses como Colombia, Brasil, Hait\u00ed, Venezuela, Per\u00fa y Nicaragua se siguen presentando casos de este padecimiento, por ello, la relevancia de este estudio es significativa, a\u00fan m\u00e1s cuando la Malaria afecta a un porcentaje importante de poblaci\u00f3n infantil.<\/p>\n<p>D\u00e9cadas de investigaci\u00f3n resultaron en diversos y eficaces tratamientos contra el par\u00e1sito de la Malaria, como lo es la quinina. Sin embargo, el da\u00f1o que esta enfermedad provoca a\u00fan sigue sin explicarse del todo y las tasas de mortalidad siguen siendo inaceptablemente elevadas.<\/p>\n<p>La Dra. Terrie Taylor, Profesora de la Universidad Estatal de Michigan, describe esta enfermedad mortal como \u201cel Lord Voldemort de los par\u00e1sitos\u201d.<\/p>\n<p>Taylor ha estudiado desde 1986 c\u00f3mo la Malaria afecta el cerebro. Junto a su equipo de investigaci\u00f3n, implement\u00f3 el Proyecto Blantyre Malaria en el Hospital Central Queen Elizabeth en Malaui, donde pasa seis meses al a\u00f1o tratando a pacientes y desarrollando su investigaci\u00f3n.<\/p>\n<p>Un nuevo y revolucionario estudio realizado por la Dra. Taylor y su equipo, finalmente abri\u00f3 una ventana sobre el probable mecanismo de la enfermedad y las causas relacionadas a las muertes en ni\u00f1os.<\/p>\n<p>Por medio de una Resonancia Magn\u00e9tica de GE Healthcare, la Dra. Taylor y su equipo obtuvieron im\u00e1genes de los cerebros de cientos de ni\u00f1os con Malaria. Compararon los estudios de los ni\u00f1os que murieron, con los estudios de los que sobrevivieron y constataron que m\u00e1s del 80% de los ni\u00f1os del primer grupo presentaban grave inflamaci\u00f3n en el cerebro.<\/p>\n<p>\u201cDescubrimos que algunos ni\u00f1os con Malaria cerebral \u2013 que es una complicaci\u00f3n de la enfermedad \u2013 desarrollan masivamente inflamaci\u00f3n en el cerebro y \u00e9stos son los ni\u00f1os que mueren\u201d, dice la Dra. Taylor.<\/p>\n<p>De igual forma, descubrieron que el cerebro se inflamaba a tal grado que sal\u00eda por la parte inferior del cr\u00e1neo; esto comprime el tronco cerebral, haciendo que el ni\u00f1o deje de respirar y muera.<\/p>\n<p>\u201cEs muy triste ver morir a un ni\u00f1o, pero lo que nos alienta es el hecho de que estamos haciendo progresos en la lucha contra ese Lord Voldemort de los par\u00e1sitos,\u201d agreg\u00f3 la Dra. Taylor. \u201cHa sido un trabajo arduo, pero creo que lo estamos acorralando\u201d.<\/p>\n<p>En el a\u00f1o 2008, el equipo de Resonancia Magn\u00e9tica m\u00e1s cercano estaba a muchos kil\u00f3metros de distancia de Blantire, en donde se encuentra el hospital en el cual la Dra. Taylor hac\u00eda la investigaci\u00f3n. Por este motivo, GE Healthcare proporcion\u00f3 uno al Hospital Queen Elizabeth e hizo posible la realizaci\u00f3n de esa excepcional investigaci\u00f3n.<\/p>\n<p>\u201cAhora que sabemos que la inflamaci\u00f3n del cerebro es la causa de la muerte, podemos trabajar para encontrar nuevos tratamientos,\u201d dijo la Dra. Taylor. \u201cEl pr\u00f3ximo paso es identificar qu\u00e9 est\u00e1 provocando esa inflamaci\u00f3n, para as\u00ed desarrollar tratamientos que se enfoquen en esas causas. Tambi\u00e9n es posible el uso de ventiladores para mantener a los ni\u00f1os respirando hasta que la inflamaci\u00f3n ceda, con lo que podremos salvar m\u00e1s vidas, pero los ventiladores son pocos y el acceso a estos en \u00c1frica es limitado en este momento\u201d.<\/p>\n","protected":false},"excerpt":{"rendered":"<p>* A pesar de los esfuerzos, en algunos pa\u00edses como Colombia, Brasil, Hait\u00ed, Venezuela, Per\u00fa y Nicaragua se siguen presentando casos de este padecimiento, por ello, la relevancia de este estudio es significativa, a\u00fan m\u00e1s cuando la Malaria afecta a un porcentaje importante de poblaci\u00f3n infantil. Panam\u00e1 .- La malaria o paludismo es una enfermedad [&hellip;]<\/p>\n","protected":false},"author":1,"featured_media":39250,"comment_status":"open","ping_status":"open","sticky":false,"template":"","format":"standard","meta":{"om_disable_all_campaigns":false,"_monsterinsights_skip_tracking":false,"_monsterinsights_sitenote_active":false,"_monsterinsights_sitenote_note":"","_monsterinsights_sitenote_category":0,"footnotes":""},"categories":[7,3524],"tags":[4574,4577,4575,979,4576,4573],"class_list":["post-39249","post","type-post","status-publish","format-standard","has-post-thumbnail","hentry","category-salud-y-belleza","category-noticas","tag-anofeles","tag-dra-terrie-taylor","tag-falciparum","tag-malaria","tag-malaria-cerebral","tag-resonancia-magnetica"],"aioseo_notices":[],"_links":{"self":[{"href":"https:\/\/elcronistadigital.com\/index.php?rest_route=\/wp\/v2\/posts\/39249","targetHints":{"allow":["GET"]}}],"collection":[{"href":"https:\/\/elcronistadigital.com\/index.php?rest_route=\/wp\/v2\/posts"}],"about":[{"href":"https:\/\/elcronistadigital.com\/index.php?rest_route=\/wp\/v2\/types\/post"}],"author":[{"embeddable":true,"href":"https:\/\/elcronistadigital.com\/index.php?rest_route=\/wp\/v2\/users\/1"}],"replies":[{"embeddable":true,"href":"https:\/\/elcronistadigital.com\/index.php?rest_route=%2Fwp%2Fv2%2Fcomments&post=39249"}],"version-history":[{"count":1,"href":"https:\/\/elcronistadigital.com\/index.php?rest_route=\/wp\/v2\/posts\/39249\/revisions"}],"predecessor-version":[{"id":39251,"href":"https:\/\/elcronistadigital.com\/index.php?rest_route=\/wp\/v2\/posts\/39249\/revisions\/39251"}],"wp:featuredmedia":[{"embeddable":true,"href":"https:\/\/elcronistadigital.com\/index.php?rest_route=\/wp\/v2\/media\/39250"}],"wp:attachment":[{"href":"https:\/\/elcronistadigital.com\/index.php?rest_route=%2Fwp%2Fv2%2Fmedia&parent=39249"}],"wp:term":[{"taxonomy":"category","embeddable":true,"href":"https:\/\/elcronistadigital.com\/index.php?rest_route=%2Fwp%2Fv2%2Fcategories&post=39249"},{"taxonomy":"post_tag","embeddable":true,"href":"https:\/\/elcronistadigital.com\/index.php?rest_route=%2Fwp%2Fv2%2Ftags&post=39249"}],"curies":[{"name":"wp","href":"https:\/\/api.w.org\/{rel}","templated":true}]}}