{"id":39285,"date":"2015-04-29T07:54:35","date_gmt":"2015-04-29T13:54:35","guid":{"rendered":"http:\/\/elcronistadigital.com\/?p=39285"},"modified":"2015-04-29T07:54:35","modified_gmt":"2015-04-29T13:54:35","slug":"habra-mejor-invierno-que-en-2014","status":"publish","type":"post","link":"https:\/\/elcronistadigital.com\/?p=39285","title":{"rendered":"Habr\u00e1 mejor invierno que en 2014"},"content":{"rendered":"<p><a href=\"https:\/\/elcronistadigital.com\/?attachment_id=39286\" rel=\"attachment wp-att-39286\"><img loading=\"lazy\" decoding=\"async\" class=\"alignleft size-medium wp-image-39286\" alt=\"lluvias\" src=\"https:\/\/elcronistadigital.com\/wp-content\/uploads\/2015\/04\/lluvias-300x169.jpg\" width=\"300\" height=\"169\" srcset=\"https:\/\/elcronistadigital.com\/wp-content\/uploads\/2015\/04\/lluvias-300x169.jpg 300w, https:\/\/elcronistadigital.com\/wp-content\/uploads\/2015\/04\/lluvias-342x192.jpg 342w, https:\/\/elcronistadigital.com\/wp-content\/uploads\/2015\/04\/lluvias.jpg 500w\" sizes=\"auto, (max-width: 300px) 100vw, 300px\" \/><\/a>Expertos nicarag\u00fcenses pronosticaron el martes que el per\u00edodo lluvioso se establecer\u00e1 probablemente a partir del 20 de mayo, con mejores condiciones que las registradas en igual lapso de 2014, marcado por la sequ\u00eda.<\/p>\n<p>Seg\u00fan el Instituto de Estudios Territoriales (Ineter), existen probabilidades de que ocurran precipitaciones antes de esa fecha, las cuales podr\u00edan ser de ligeras a moderadas, o incluso fuertes, pero de corta duraci\u00f3n, y en horas de la tarde.<\/p>\n<p>El pron\u00f3stico de la instituci\u00f3n contempla las precipitaciones previstas para la primera parte del invierno, que comprende los meses de mayo, junio y julio, seg\u00fan informa la agencia Prensa Latina.<\/p>\n<p>Las lluvias en el Corredor Seco (un \u00e1rea que contempla unos 27 municipios), as\u00ed como los departamentos de Le\u00f3n y Chinandega, estar\u00edan por debajo de la norma hist\u00f3rica, pero se prev\u00e9 un comportamiento normal en el resto del pa\u00eds.<\/p>\n<p>Especialistas del Ineter afirman que la sequ\u00eda extrema del a\u00f1o pasado fue la mayor en las \u00faltimas cuatro d\u00e9cadas.<\/p>\n<p>Desde el inicio del per\u00edodo de precipitaciones, estas disminuyeron el 50 por ciento con respecto a los acumulados de 2013.<\/p>\n<p>Como resultado, la temperatura ambiental aument\u00f3 entre seis y siete grados, fueron da\u00f1ados cultivos de alimentos b\u00e1sicos; se redujeron las fuentes de agua para el consumo humano y el sector ganadero sufri\u00f3 graves afectaciones.<\/p>\n","protected":false},"excerpt":{"rendered":"<p>Expertos nicarag\u00fcenses pronosticaron el martes que el per\u00edodo lluvioso se establecer\u00e1 probablemente a partir del 20 de mayo, con mejores condiciones que las registradas en igual lapso de 2014, marcado por la sequ\u00eda. Seg\u00fan el Instituto de Estudios Territoriales (Ineter), existen probabilidades de que ocurran precipitaciones antes de esa fecha, las cuales podr\u00edan ser de [&hellip;]<\/p>\n","protected":false},"author":1,"featured_media":39286,"comment_status":"open","ping_status":"open","sticky":false,"template":"","format":"standard","meta":{"om_disable_all_campaigns":false,"_monsterinsights_skip_tracking":false,"_monsterinsights_sitenote_active":false,"_monsterinsights_sitenote_note":"","_monsterinsights_sitenote_category":0,"footnotes":""},"categories":[3524],"tags":[837,4610,1756,55,4609,4608,50,1754],"class_list":["post-39285","post","type-post","status-publish","format-standard","has-post-thumbnail","hentry","category-noticas","tag-cambio-climatico","tag-chinandega","tag-corredor-seco","tag-ineter","tag-leon","tag-lluvias-en-nicaragua","tag-nicaragua","tag-sequia-en-nicaragua"],"aioseo_notices":[],"_links":{"self":[{"href":"https:\/\/elcronistadigital.com\/index.php?rest_route=\/wp\/v2\/posts\/39285","targetHints":{"allow":["GET"]}}],"collection":[{"href":"https:\/\/elcronistadigital.com\/index.php?rest_route=\/wp\/v2\/posts"}],"about":[{"href":"https:\/\/elcronistadigital.com\/index.php?rest_route=\/wp\/v2\/types\/post"}],"author":[{"embeddable":true,"href":"https:\/\/elcronistadigital.com\/index.php?rest_route=\/wp\/v2\/users\/1"}],"replies":[{"embeddable":true,"href":"https:\/\/elcronistadigital.com\/index.php?rest_route=%2Fwp%2Fv2%2Fcomments&post=39285"}],"version-history":[{"count":1,"href":"https:\/\/elcronistadigital.com\/index.php?rest_route=\/wp\/v2\/posts\/39285\/revisions"}],"predecessor-version":[{"id":39287,"href":"https:\/\/elcronistadigital.com\/index.php?rest_route=\/wp\/v2\/posts\/39285\/revisions\/39287"}],"wp:featuredmedia":[{"embeddable":true,"href":"https:\/\/elcronistadigital.com\/index.php?rest_route=\/wp\/v2\/media\/39286"}],"wp:attachment":[{"href":"https:\/\/elcronistadigital.com\/index.php?rest_route=%2Fwp%2Fv2%2Fmedia&parent=39285"}],"wp:term":[{"taxonomy":"category","embeddable":true,"href":"https:\/\/elcronistadigital.com\/index.php?rest_route=%2Fwp%2Fv2%2Fcategories&post=39285"},{"taxonomy":"post_tag","embeddable":true,"href":"https:\/\/elcronistadigital.com\/index.php?rest_route=%2Fwp%2Fv2%2Ftags&post=39285"}],"curies":[{"name":"wp","href":"https:\/\/api.w.org\/{rel}","templated":true}]}}