{"id":39413,"date":"2015-05-09T08:50:35","date_gmt":"2015-05-09T14:50:35","guid":{"rendered":"http:\/\/elcronistadigital.com\/?p=39413"},"modified":"2015-05-09T08:50:35","modified_gmt":"2015-05-09T14:50:35","slug":"honduras-listo-para-exportar-huevos-a-nicaragua","status":"publish","type":"post","link":"https:\/\/elcronistadigital.com\/?p=39413","title":{"rendered":"Honduras listo para exportar huevos a Nicaragua"},"content":{"rendered":"<p><a href=\"https:\/\/elcronistadigital.com\/?attachment_id=39414\" rel=\"attachment wp-att-39414\"><img loading=\"lazy\" decoding=\"async\" class=\"alignleft size-medium wp-image-39414\" alt=\"huevos hondure\u00f1os\" src=\"https:\/\/elcronistadigital.com\/wp-content\/uploads\/2015\/05\/huevos-hondure\u00f1os-300x271.jpg\" width=\"300\" height=\"271\" srcset=\"https:\/\/elcronistadigital.com\/wp-content\/uploads\/2015\/05\/huevos-hondure\u00f1os-300x271.jpg 300w, https:\/\/elcronistadigital.com\/wp-content\/uploads\/2015\/05\/huevos-hondure\u00f1os-342x309.jpg 342w, https:\/\/elcronistadigital.com\/wp-content\/uploads\/2015\/05\/huevos-hondure\u00f1os.jpg 591w\" sizes=\"auto, (max-width: 300px) 100vw, 300px\" \/><\/a>Dentro de 45 d\u00edas el sector av\u00edcola nacional comenzar\u00e1 a exportar, por primera vez, huevo a Nicaragua y El Salvador, inform\u00f3 Donaldo Polanco, presidente de la Asociaci\u00f3n Nacional de Avicultores de Honduras (Anavih).<\/p>\n<p>\u201cExportaremos huevo de mesa a todos los pa\u00edses centroamericanos. Los procesos de negociaci\u00f3n ya concluyeron con Nicaragua y El Salvador; estamos en pl\u00e1ticas con Guatemala y Costa Rica\u201d, manifest\u00f3 Polanco, citado por La Prensa de Honduras.<\/p>\n<p>El empresario resalt\u00f3 la importancia de este logro, ya que hasta el 2007 Honduras importaba parte de su consumo de este producto.<\/p>\n<p>\u201cLos empresarios han invertido en equipo, infraestructura y en tecnolog\u00eda de punta. No tenemos nada que envidiarle a ning\u00fan pa\u00eds de primer mundo. Con estos cambios se logr\u00f3 elevar el rendimiento av\u00edcola, permitiendo abastecer la demanda del mercado nacional y tener una oferta exportable\u201d, refiri\u00f3 Polanco.<\/p>\n<p>Desde hace unas semanas se est\u00e1 exportando huevo l\u00edquido a El Salvador, pero este producto solo est\u00e1 dirigido a la industria.<\/p>\n<p>\u201cEste tipo de producto tiene un mercado peque\u00f1o y selecto: reposter\u00eda, hoteler\u00eda e industrias de galletas. Mientras, los env\u00edos de huevo de mesa, que comienzan en 45 d\u00edas, son para el consumo directo. Esto nunca se hab\u00eda dado, este es un paso importante para el sector av\u00edcola del pa\u00eds\u201d, declar\u00f3 Polanco.<\/p>\n","protected":false},"excerpt":{"rendered":"<p>Dentro de 45 d\u00edas el sector av\u00edcola nacional comenzar\u00e1 a exportar, por primera vez, huevo a Nicaragua y El Salvador, inform\u00f3 Donaldo Polanco, presidente de la Asociaci\u00f3n Nacional de Avicultores de Honduras (Anavih). \u201cExportaremos huevo de mesa a todos los pa\u00edses centroamericanos. Los procesos de negociaci\u00f3n ya concluyeron con Nicaragua y El Salvador; estamos en [&hellip;]<\/p>\n","protected":false},"author":1,"featured_media":39414,"comment_status":"open","ping_status":"open","sticky":false,"template":"","format":"standard","meta":{"om_disable_all_campaigns":false,"_monsterinsights_skip_tracking":false,"_monsterinsights_sitenote_active":false,"_monsterinsights_sitenote_note":"","_monsterinsights_sitenote_category":0,"footnotes":""},"categories":[4,3524],"tags":[4696,4697],"class_list":["post-39413","post","type-post","status-publish","format-standard","has-post-thumbnail","hentry","category-economia","category-noticas","tag-huevos","tag-huevos-hondurenos"],"aioseo_notices":[],"_links":{"self":[{"href":"https:\/\/elcronistadigital.com\/index.php?rest_route=\/wp\/v2\/posts\/39413","targetHints":{"allow":["GET"]}}],"collection":[{"href":"https:\/\/elcronistadigital.com\/index.php?rest_route=\/wp\/v2\/posts"}],"about":[{"href":"https:\/\/elcronistadigital.com\/index.php?rest_route=\/wp\/v2\/types\/post"}],"author":[{"embeddable":true,"href":"https:\/\/elcronistadigital.com\/index.php?rest_route=\/wp\/v2\/users\/1"}],"replies":[{"embeddable":true,"href":"https:\/\/elcronistadigital.com\/index.php?rest_route=%2Fwp%2Fv2%2Fcomments&post=39413"}],"version-history":[{"count":1,"href":"https:\/\/elcronistadigital.com\/index.php?rest_route=\/wp\/v2\/posts\/39413\/revisions"}],"predecessor-version":[{"id":39415,"href":"https:\/\/elcronistadigital.com\/index.php?rest_route=\/wp\/v2\/posts\/39413\/revisions\/39415"}],"wp:featuredmedia":[{"embeddable":true,"href":"https:\/\/elcronistadigital.com\/index.php?rest_route=\/wp\/v2\/media\/39414"}],"wp:attachment":[{"href":"https:\/\/elcronistadigital.com\/index.php?rest_route=%2Fwp%2Fv2%2Fmedia&parent=39413"}],"wp:term":[{"taxonomy":"category","embeddable":true,"href":"https:\/\/elcronistadigital.com\/index.php?rest_route=%2Fwp%2Fv2%2Fcategories&post=39413"},{"taxonomy":"post_tag","embeddable":true,"href":"https:\/\/elcronistadigital.com\/index.php?rest_route=%2Fwp%2Fv2%2Ftags&post=39413"}],"curies":[{"name":"wp","href":"https:\/\/api.w.org\/{rel}","templated":true}]}}