{"id":39454,"date":"2015-05-12T16:06:49","date_gmt":"2015-05-12T22:06:49","guid":{"rendered":"http:\/\/elcronistadigital.com\/?p=39454"},"modified":"2015-05-12T16:06:49","modified_gmt":"2015-05-12T22:06:49","slug":"programa-de-mentorias-para-mujeres-microempresarias","status":"publish","type":"post","link":"https:\/\/elcronistadigital.com\/?p=39454","title":{"rendered":"Programa de mentor\u00edas para mujeres microempresarias"},"content":{"rendered":"<p><a href=\"https:\/\/elcronistadigital.com\/?attachment_id=39455\" rel=\"attachment wp-att-39455\"><img loading=\"lazy\" decoding=\"async\" class=\"alignleft size-medium wp-image-39455\" alt=\"voces vitales 1\" src=\"https:\/\/elcronistadigital.com\/wp-content\/uploads\/2015\/05\/voces-vitales-1-300x200.jpg\" width=\"300\" height=\"200\" srcset=\"https:\/\/elcronistadigital.com\/wp-content\/uploads\/2015\/05\/voces-vitales-1-300x200.jpg 300w, https:\/\/elcronistadigital.com\/wp-content\/uploads\/2015\/05\/voces-vitales-1-342x228.jpg 342w, https:\/\/elcronistadigital.com\/wp-content\/uploads\/2015\/05\/voces-vitales-1.jpg 771w\" sizes=\"auto, (max-width: 300px) 100vw, 300px\" \/><\/a>Durante m\u00e1s de cuatro meses quince empresarias nicarag\u00fcenses participaron en el programa de Mentor\u00edas econ\u00f3micas que organiza Voces Vitales-Nicaragua como parte del proyecto \u201cMujer: Voz Vital para el pa\u00eds\u201d.<\/p>\n<p>Ana Zavala, Directora de Voces Vitales Nicaragua, explic\u00f3 que las mentor\u00edas econ\u00f3micas est\u00e1n orientadas a impulsar las habilidades de negocios de mujeres microempresarias de Managua, Le\u00f3n, Masaya, Estel\u00ed y Chontales que buscan oportunidades de superaci\u00f3n.<br \/>\n\u201cLos mentor\u00edas pueden ser dirigidas por hombres o mujeres con amplia experiencia en negocios que animan e inspiran a otras mujeres que quieren crecer. Es una relaci\u00f3n que combina el conocimiento con la acci\u00f3n y facilita que las mujeres emprendedoras refuercen sus competencias de negocios e impulsen su potencial de liderazgo\u201d, agreg\u00f3 Ana Zavala.<\/p>\n<p>Mediante el programa, las mentoras se unen a otras mujeres microempresarias y a trav\u00e9s de encuentros bilaterales, comparten sus experiencias empresariales y las asesoran en la identificaci\u00f3n de oportunidades de negocio, establecimiento de redes de contactos y en la comercializaci\u00f3n de sus productos o servicios.<\/p>\n<p>\u201cAl ser parte de Voces Vitales he obtenido entrenamiento en \u00e1reas profesionales clave para el desarrollo de mi empresa. He estado expuesta a mujeres emprendedoras, brillantes y exitosas y para mi significa ser parte de una comunidad de personas que est\u00e1n constantemente apoy\u00e1ndose, es saber que en mi camino al \u00e9xito personal y profesional, estoy acompa\u00f1ada de personas que est\u00e1n en la misma sinton\u00eda por un mundo mejor\u201d, comenta Xiomara D\u00edaz, Gerente General del Restaurante Garden Caf\u00e9 de Granada y mentora del programa.<\/p>\n<p>En el programa de Mentor\u00edas econ\u00f3micas de este a\u00f1o participaron 15 mentoras de empresas reconocidas del pa\u00eds, entre ellas Deli Pollo S.A., Tecnolog\u00edas M\u00f3viles Globales, Zipsa, Live Marketing, Palet, Comdessa y Garden Caf\u00e9, entre otras.<\/p>\n<p>Carmen Isabel Espinoza, dirige Creaciones Berthita en Masaya y fue una de las aprendices que particip\u00f3 en el programa de Mentor\u00edas econ\u00f3micas de este a\u00f1o. \u201cSiento que el programa me est\u00e1 entrenando como una empresaria exitosa, ya que he podido sacar los costos para la colocaci\u00f3n del precio real de mi producto, elaborar un cat\u00e1logo de referencia de productos con su c\u00f3digo y mejorar la comercializaci\u00f3n de mi producto en Facebook\u201d, comenta.<\/p>\n<p>Efecto multiplicador<\/p>\n<p>Algunas de las mentoras de este programa se iniciaron como aprendices y ahora les toca a ellas apoyar a otras mujeres emprendedoras. Rosibel Cruz es una de ellas. Cruz dirige Colecciones Valentina, su propia empresa de dise\u00f1os de carteras y bolsos elaborados con material reciclado.<\/p>\n<p>Sus dise\u00f1os se venden en el Aeropuerto Internacional Augusto C\u00e9sar Sandino y en zonas tur\u00edsticas como el Garden Caf\u00e9 de Granada. Tambi\u00e9n ha participado en Nicaragua Dise\u00f1a y ahora est\u00e1 en miras de exportar a Estados Unidos y Europa.<\/p>\n<p>\u201cInici\u00e9 en el programa de Mentor\u00edas econ\u00f3micas como aprendiz, mi mentora fue Ivonne Bordas. Fue una experiencia muy rica que me ayud\u00f3 a alcanzar mis metas, a establecer contactos de negocios y a crecer como empresaria. Ahora me toca apoyar a otras mujeres que tambi\u00e9n quieren salir adelante\u201d, comenta Rosibel.<\/p>\n<p>\u201cEse es el efecto multiplicador de Voces Vitales. Se trata de mujeres ayudando a otras mujeres l\u00edderes que enfrentan desaf\u00edos en su crecimiento profesional y personal, responden a los retos, exploran nuevas ideas y aprenden a tomar decisiones importantes para sus negocios y para sus vidas. Las mujeres que hoy est\u00e1n recibiendo capacitaci\u00f3n de parte de sus mentoras, seguramente ser\u00e1n mentoras de otras en el futuro\u201d, afirma Ana Zavala.<\/p>\n<p>Voces Vitales<\/p>\n<p>Voces Vitales es una organizaci\u00f3n no gubernamental fundada en 1997 por la Mujer: Voz Vital para el pa\u00edsex Primera Dama y actual Secretaria de Estado de Estados Unidos, Hillary Rodham Clinton y la ex Secretaria de Estado Madeleine Albright.<\/p>\n<p>Desde 2009 Voces Vitales a capacitado a mujeres l\u00edderes emergentes a fin de convertirlas en agentes de cambio que ayuden a fortalecer el desarrollo del pa\u00eds. El trabajo de Voces Vitales se ha enfocado en mujeres emprendedoras y en j\u00f3venes que demuestran potencial de liderazgo en sus comunidades.<\/p>\n<p>En Nicaragua Voces Vitales ha apoyado a 2,315 mujeres a trav\u00e9s de diferentes programas de fortalecimiento empresarial y de crecimiento personal. Actualmente implementa el proyecto \u201cMujer, voz vital para el pa\u00eds\u201d con el que est\u00e1 apoyando a m\u00e1s de 200 mujeres l\u00edderes de Nicaragua.<\/p>\n","protected":false},"excerpt":{"rendered":"<p>Durante m\u00e1s de cuatro meses quince empresarias nicarag\u00fcenses participaron en el programa de Mentor\u00edas econ\u00f3micas que organiza Voces Vitales-Nicaragua como parte del proyecto \u201cMujer: Voz Vital para el pa\u00eds\u201d. Ana Zavala, Directora de Voces Vitales Nicaragua, explic\u00f3 que las mentor\u00edas econ\u00f3micas est\u00e1n orientadas a impulsar las habilidades de negocios de mujeres microempresarias de Managua, Le\u00f3n, [&hellip;]<\/p>\n","protected":false},"author":1,"featured_media":39455,"comment_status":"open","ping_status":"open","sticky":false,"template":"","format":"standard","meta":{"om_disable_all_campaigns":false,"_monsterinsights_skip_tracking":false,"_monsterinsights_sitenote_active":false,"_monsterinsights_sitenote_note":"","_monsterinsights_sitenote_category":0,"footnotes":""},"categories":[3,4],"tags":[4720,4721,4719,4718],"class_list":["post-39454","post","type-post","status-publish","format-standard","has-post-thumbnail","hentry","category-nacionales","category-economia","tag-hillary-clinton","tag-madeleine-albright","tag-mujer-voz-vital-para-el-pais","tag-voces-vitales"],"aioseo_notices":[],"_links":{"self":[{"href":"https:\/\/elcronistadigital.com\/index.php?rest_route=\/wp\/v2\/posts\/39454","targetHints":{"allow":["GET"]}}],"collection":[{"href":"https:\/\/elcronistadigital.com\/index.php?rest_route=\/wp\/v2\/posts"}],"about":[{"href":"https:\/\/elcronistadigital.com\/index.php?rest_route=\/wp\/v2\/types\/post"}],"author":[{"embeddable":true,"href":"https:\/\/elcronistadigital.com\/index.php?rest_route=\/wp\/v2\/users\/1"}],"replies":[{"embeddable":true,"href":"https:\/\/elcronistadigital.com\/index.php?rest_route=%2Fwp%2Fv2%2Fcomments&post=39454"}],"version-history":[{"count":1,"href":"https:\/\/elcronistadigital.com\/index.php?rest_route=\/wp\/v2\/posts\/39454\/revisions"}],"predecessor-version":[{"id":39456,"href":"https:\/\/elcronistadigital.com\/index.php?rest_route=\/wp\/v2\/posts\/39454\/revisions\/39456"}],"wp:featuredmedia":[{"embeddable":true,"href":"https:\/\/elcronistadigital.com\/index.php?rest_route=\/wp\/v2\/media\/39455"}],"wp:attachment":[{"href":"https:\/\/elcronistadigital.com\/index.php?rest_route=%2Fwp%2Fv2%2Fmedia&parent=39454"}],"wp:term":[{"taxonomy":"category","embeddable":true,"href":"https:\/\/elcronistadigital.com\/index.php?rest_route=%2Fwp%2Fv2%2Fcategories&post=39454"},{"taxonomy":"post_tag","embeddable":true,"href":"https:\/\/elcronistadigital.com\/index.php?rest_route=%2Fwp%2Fv2%2Ftags&post=39454"}],"curies":[{"name":"wp","href":"https:\/\/api.w.org\/{rel}","templated":true}]}}