{"id":40388,"date":"2015-07-10T06:32:23","date_gmt":"2015-07-10T12:32:23","guid":{"rendered":"http:\/\/elcronistadigital.com\/?p=40388"},"modified":"2015-07-10T06:32:23","modified_gmt":"2015-07-10T12:32:23","slug":"recuerdos-de-facundo-cabral-aquel-poeta-entre-dos-mundos","status":"publish","type":"post","link":"https:\/\/elcronistadigital.com\/?p=40388","title":{"rendered":"Recuerdos de Facundo Cabral, aquel poeta entre dos mundos"},"content":{"rendered":"<div id=\"attachment_40389\" style=\"width: 310px\" class=\"wp-caption alignleft\"><a href=\"https:\/\/elcronistadigital.com\/?attachment_id=40389\" rel=\"attachment wp-att-40389\"><img loading=\"lazy\" decoding=\"async\" aria-describedby=\"caption-attachment-40389\" class=\"size-medium wp-image-40389\" alt=\"Facundo Cabral, cantautor argentino asesinado hace cuatro a\u00f1os en Guatemala.\" src=\"https:\/\/elcronistadigital.com\/wp-content\/uploads\/2015\/07\/Facundo-Cabral-300x223.jpg\" width=\"300\" height=\"223\" srcset=\"https:\/\/elcronistadigital.com\/wp-content\/uploads\/2015\/07\/Facundo-Cabral-300x223.jpg 300w, https:\/\/elcronistadigital.com\/wp-content\/uploads\/2015\/07\/Facundo-Cabral-342x254.jpg 342w, https:\/\/elcronistadigital.com\/wp-content\/uploads\/2015\/07\/Facundo-Cabral-60x45.jpg 60w, https:\/\/elcronistadigital.com\/wp-content\/uploads\/2015\/07\/Facundo-Cabral-150x113.jpg 150w, https:\/\/elcronistadigital.com\/wp-content\/uploads\/2015\/07\/Facundo-Cabral-269x201.jpg 269w, https:\/\/elcronistadigital.com\/wp-content\/uploads\/2015\/07\/Facundo-Cabral.jpg 484w\" sizes=\"auto, (max-width: 300px) 100vw, 300px\" \/><\/a><p id=\"caption-attachment-40389\" class=\"wp-caption-text\">Facundo Cabral, cantautor argentino asesinado hace cuatro a\u00f1os en Guatemala.<\/p><\/div>\n<p>Alina Diacon\u00fa*<\/p>\n<p>Apoyado en su bast\u00f3n, sali\u00f3 del hotel y subi\u00f3 a la Range Rover color blanco que lo estaba esperando. El conductor lo ayud\u00f3 y el productor que lo acompa\u00f1aba se sent\u00f3 detr\u00e1s. Eran las cinco y diez de la ma\u00f1ana.<\/p>\n<p>Tomaron el bulevar Liberaci\u00f3n. Llegar\u00edan en un rato m\u00e1s al aeropuerto La Aurora, donde abordar\u00edan el avi\u00f3n rumbo a Nicaragua. Era un 9 de julio. En la Argentina, d\u00eda patrio \u2013 debi\u00f3 de pensar \u00e9l-. Pero no tuvo demasiado tiempo para proseguir los vericuetos de su mente, cuando un ruido atronador explot\u00f3 en su cabeza. Cuentan que eran tres los veh\u00edculos desde donde los sicarios, armados con escopetas, hicieron fuego. Dicen que hubo veinticinco disparos, tres de los cuales dieron en el blanco. En un blanco equivocado, porque, supuestamente, la muerte iba dirigida al conductor del auto, quien s\u00f3lo qued\u00f3 herido. El otro viajero, el productor Percy Llanos, que estaba en el asiento trasero, tambi\u00e9n se salv\u00f3.<\/p>\n<p>Esta escena, digna de un relato policial, sucedi\u00f3 hace cuatro a\u00f1os, el 9 de julio de 2011. El hombre asesinado no era otro que Facundo Cabral. Nuestro cantautor, nuestro juglar, nuestro poeta.<\/p>\n<p>El conductor del auto era el empresario nicarag\u00fcense Henry Fari\u00f1as, promotor de espect\u00e1culos, que hab\u00eda contratado a Cabral. Fari\u00f1as fue condenado a 30 a\u00f1os de c\u00e1rcel, acusado de tr\u00e1fico de drogas, lavado de dinero y crimen organizado. El autor intelectual del crimen era un joven costarricense, Alejandro Jim\u00e9nez, alias \u201cEl Palidejo\u201d, que quer\u00eda la muerte de Fari\u00f1as. Una vendetta, porque \u00e9ste \u00faltimo -dicen- no le hab\u00eda vendido una discoth\u00e8que que pose\u00eda en Managua. Hoy \u201cEl Palidejo\u201d tambi\u00e9n est\u00e1 preso.<\/p>\n<p>Crimen y castigo. Pero\u2026 \u00bfc\u00f3mo aceptar que Facundo Cabral, sabio mensajero de paz, terminara en las sucias manos de mafiosos y asesinos? Cay\u00f3, bajo una r\u00e1faga de fuego y plomo, en la frontera que separaba dos mundos, el de su filosof\u00eda de vida y el de la miserabilidad humana, en su peor expresi\u00f3n.<\/p>\n<p>Escribi\u00f3 en su \u00faltimo libro: \u201cNo llores a nadie porque nadie deja de existir, aunque t\u00fa no lo veas. La muerte no es nada porque el alma es inmortal, inalcanzable para las armas de los hombres y para las enfermedades, que s\u00f3lo afectan tu cuerpo, que te fue dado para que camines esta etapa terrena de la vida, no m\u00e1s\u201d.<\/p>\n<p>* Escritora. Su \u00faltimo libro es \u201cAleteos\u201d.<br \/>\nEl Clar\u00edn<\/p>\n","protected":false},"excerpt":{"rendered":"<p>Alina Diacon\u00fa* Apoyado en su bast\u00f3n, sali\u00f3 del hotel y subi\u00f3 a la Range Rover color blanco que lo estaba esperando. El conductor lo ayud\u00f3 y el productor que lo acompa\u00f1aba se sent\u00f3 detr\u00e1s. Eran las cinco y diez de la ma\u00f1ana. Tomaron el bulevar Liberaci\u00f3n. Llegar\u00edan en un rato m\u00e1s al aeropuerto La Aurora, [&hellip;]<\/p>\n","protected":false},"author":1,"featured_media":40389,"comment_status":"open","ping_status":"open","sticky":false,"template":"","format":"standard","meta":{"om_disable_all_campaigns":false,"_monsterinsights_skip_tracking":false,"_monsterinsights_sitenote_active":false,"_monsterinsights_sitenote_note":"","_monsterinsights_sitenote_category":0,"footnotes":""},"categories":[3524,1],"tags":[1087],"class_list":["post-40388","post","type-post","status-publish","format-standard","has-post-thumbnail","hentry","category-noticas","category-opinion","tag-facundo-cabral"],"aioseo_notices":[],"_links":{"self":[{"href":"https:\/\/elcronistadigital.com\/index.php?rest_route=\/wp\/v2\/posts\/40388","targetHints":{"allow":["GET"]}}],"collection":[{"href":"https:\/\/elcronistadigital.com\/index.php?rest_route=\/wp\/v2\/posts"}],"about":[{"href":"https:\/\/elcronistadigital.com\/index.php?rest_route=\/wp\/v2\/types\/post"}],"author":[{"embeddable":true,"href":"https:\/\/elcronistadigital.com\/index.php?rest_route=\/wp\/v2\/users\/1"}],"replies":[{"embeddable":true,"href":"https:\/\/elcronistadigital.com\/index.php?rest_route=%2Fwp%2Fv2%2Fcomments&post=40388"}],"version-history":[{"count":1,"href":"https:\/\/elcronistadigital.com\/index.php?rest_route=\/wp\/v2\/posts\/40388\/revisions"}],"predecessor-version":[{"id":40390,"href":"https:\/\/elcronistadigital.com\/index.php?rest_route=\/wp\/v2\/posts\/40388\/revisions\/40390"}],"wp:featuredmedia":[{"embeddable":true,"href":"https:\/\/elcronistadigital.com\/index.php?rest_route=\/wp\/v2\/media\/40389"}],"wp:attachment":[{"href":"https:\/\/elcronistadigital.com\/index.php?rest_route=%2Fwp%2Fv2%2Fmedia&parent=40388"}],"wp:term":[{"taxonomy":"category","embeddable":true,"href":"https:\/\/elcronistadigital.com\/index.php?rest_route=%2Fwp%2Fv2%2Fcategories&post=40388"},{"taxonomy":"post_tag","embeddable":true,"href":"https:\/\/elcronistadigital.com\/index.php?rest_route=%2Fwp%2Fv2%2Ftags&post=40388"}],"curies":[{"name":"wp","href":"https:\/\/api.w.org\/{rel}","templated":true}]}}