{"id":40467,"date":"2015-07-15T11:00:11","date_gmt":"2015-07-15T17:00:11","guid":{"rendered":"http:\/\/elcronistadigital.com\/?p=40467"},"modified":"2015-07-15T11:00:11","modified_gmt":"2015-07-15T17:00:11","slug":"el-velo","status":"publish","type":"post","link":"https:\/\/elcronistadigital.com\/?p=40467","title":{"rendered":"El Velo"},"content":{"rendered":"<div id=\"attachment_40468\" style=\"width: 170px\" class=\"wp-caption alignleft\"><a href=\"https:\/\/elcronistadigital.com\/?attachment_id=40468\" rel=\"attachment wp-att-40468\"><img loading=\"lazy\" decoding=\"async\" aria-describedby=\"caption-attachment-40468\" class=\"size-full wp-image-40468\" alt=\"Diana Benavides.\" src=\"https:\/\/elcronistadigital.com\/wp-content\/uploads\/2015\/07\/Diana-Benavides.jpg\" width=\"160\" height=\"231\" \/><\/a><p id=\"caption-attachment-40468\" class=\"wp-caption-text\">Diana Benavides.<\/p><\/div>\n<p>Diana Benavides<\/p>\n<p>En el intento de obtener lo que parece ser casi imposible, un mundo perfecto, el hombre, como especie, debe abstenerse de todo extremo; todo extremo denota error y peligro. En las palabras de Cecil: la verdad yace entre dos extremos. Por lo que aspirar a vivir en justicia, es procurar el balance, dentro del reino de luz y bien, cuyo modus operandi es la percepci\u00f3n universal del hombre que intenta definir lo que consciente e inconscientemente se entiende y se siente por luz y bien.<\/p>\n<p>Es la naturaleza del hombre temer lo que no logra comprender, creando as\u00ed, una visi\u00f3n distorsionada de ideas y conceptos donde toda opini\u00f3n extrema carece de verdad y sentido de justicia, pues dichos atributos, de forma absoluta, solo le pertenecen al Creador.<\/p>\n<p>En un mundo dominado por hombres, donde la mujer es v\u00edctima de abuso y opresi\u00f3n, independientemente de sus creencias espirituales o religiosas, es preciso separar los credos que ennoblecen y dignifican a la mujer seg\u00fan su fe, de pr\u00e1cticas, tradiciones y normas de conducta radicales instituidas por el hombre mismo para satisfacer sus necesidades ego\u00edstas.<\/p>\n<p>En el Oeste, el velo que cubre el cabello de la mujer, ha retomado un sinn\u00famero de significados, para muchos, s\u00edmbolo de discrepancia y confusi\u00f3n. Ya que a pesar de que el velo sobre el cabello es una pr\u00e1ctica usada con car\u00e1cter espiritual en las diferentes religiones y disciplinas de vida en el mundo a trav\u00e9s de los tiempos, grupos radicales utilizan dicha pr\u00e1ctica para negarle a la mujer su derecho a desarrollarse como parte integral de una sociedad-mundo, cuyo prop\u00f3sito es evolucionar para la gloria del Creador, tierra y humanidad misma.<\/p>\n<p>Estas pr\u00e1cticas, anteriormente mencionadas, carecen de justificaci\u00f3n doctrinal como esencia religiosa o disciplina espiritual de vida alguna, por el contrario, son el reflejo de conceptos, tradiciones, mitos y pr\u00e1cticas culturales que procuran prevenir la liberaci\u00f3n del hombre de si mismo y de ascender a su Ser mayor, como humanidad.<\/p>\n<p>El aspirar a vivir en justicia es reconocer que la verdad absoluta no nos pertenece en su totalidad, o que la misma puede ser interpretada y vivida parcialmente por el hombre, ya que todos somos inteligencias espirituales viviendo una experiencia humana, capaces de crear nuestra propia realidad, cuyo \u00fanico prop\u00f3sito existencial es el de alinearse colectivamente, donde el nosotros es mas inteligente que el individuo por s\u00ed solo, y as\u00ed, como parte integrada de un dise\u00f1o de conciencia m\u00e1s all\u00e1 de lo que el hombre puede percibir y comprender, transcender los extremos y radicalismo que atan y destruyen.<\/p>\n<p>El eco de las palabras de Gibran: la belleza no est\u00e1 en el rostro de la mujer, m\u00e1s en la luz de su coraz\u00f3n\u2026 belleza que se acent\u00faa, a medida que se desliza por su rostro, el velo\u2026<\/p>\n<p>Este escrito es propiedad y derechos reservados de su autora, Diana Benavides.<\/p>\n","protected":false},"excerpt":{"rendered":"<p>Diana Benavides En el intento de obtener lo que parece ser casi imposible, un mundo perfecto, el hombre, como especie, debe abstenerse de todo extremo; todo extremo denota error y peligro. En las palabras de Cecil: la verdad yace entre dos extremos. Por lo que aspirar a vivir en justicia, es procurar el balance, dentro [&hellip;]<\/p>\n","protected":false},"author":1,"featured_media":40468,"comment_status":"open","ping_status":"open","sticky":false,"template":"","format":"standard","meta":{"om_disable_all_campaigns":false,"_monsterinsights_skip_tracking":false,"_monsterinsights_sitenote_active":false,"_monsterinsights_sitenote_note":"","_monsterinsights_sitenote_category":0,"footnotes":""},"categories":[12],"tags":[381],"class_list":["post-40467","post","type-post","status-publish","format-standard","has-post-thumbnail","hentry","category-blugs","tag-diana-benavides"],"aioseo_notices":[],"_links":{"self":[{"href":"https:\/\/elcronistadigital.com\/index.php?rest_route=\/wp\/v2\/posts\/40467","targetHints":{"allow":["GET"]}}],"collection":[{"href":"https:\/\/elcronistadigital.com\/index.php?rest_route=\/wp\/v2\/posts"}],"about":[{"href":"https:\/\/elcronistadigital.com\/index.php?rest_route=\/wp\/v2\/types\/post"}],"author":[{"embeddable":true,"href":"https:\/\/elcronistadigital.com\/index.php?rest_route=\/wp\/v2\/users\/1"}],"replies":[{"embeddable":true,"href":"https:\/\/elcronistadigital.com\/index.php?rest_route=%2Fwp%2Fv2%2Fcomments&post=40467"}],"version-history":[{"count":1,"href":"https:\/\/elcronistadigital.com\/index.php?rest_route=\/wp\/v2\/posts\/40467\/revisions"}],"predecessor-version":[{"id":40469,"href":"https:\/\/elcronistadigital.com\/index.php?rest_route=\/wp\/v2\/posts\/40467\/revisions\/40469"}],"wp:featuredmedia":[{"embeddable":true,"href":"https:\/\/elcronistadigital.com\/index.php?rest_route=\/wp\/v2\/media\/40468"}],"wp:attachment":[{"href":"https:\/\/elcronistadigital.com\/index.php?rest_route=%2Fwp%2Fv2%2Fmedia&parent=40467"}],"wp:term":[{"taxonomy":"category","embeddable":true,"href":"https:\/\/elcronistadigital.com\/index.php?rest_route=%2Fwp%2Fv2%2Fcategories&post=40467"},{"taxonomy":"post_tag","embeddable":true,"href":"https:\/\/elcronistadigital.com\/index.php?rest_route=%2Fwp%2Fv2%2Ftags&post=40467"}],"curies":[{"name":"wp","href":"https:\/\/api.w.org\/{rel}","templated":true}]}}