{"id":40706,"date":"2015-07-30T07:11:05","date_gmt":"2015-07-30T13:11:05","guid":{"rendered":"http:\/\/elcronistadigital.com\/?p=40706"},"modified":"2015-07-30T07:11:05","modified_gmt":"2015-07-30T13:11:05","slug":"santo-domingo-de-guzman-y-los-perros","status":"publish","type":"post","link":"https:\/\/elcronistadigital.com\/?p=40706","title":{"rendered":"Santo Domingo de Guzm\u00e1n y los perros"},"content":{"rendered":"<p><a href=\"https:\/\/elcronistadigital.com\/?attachment_id=40707\" rel=\"attachment wp-att-40707\"><img loading=\"lazy\" decoding=\"async\" class=\"alignleft size-medium wp-image-40707\" alt=\"Guzm\u00e1n y perros\" src=\"https:\/\/elcronistadigital.com\/wp-content\/uploads\/2015\/07\/Guzm\u00e1n-y-perros-225x300.jpg\" width=\"225\" height=\"300\" srcset=\"https:\/\/elcronistadigital.com\/wp-content\/uploads\/2015\/07\/Guzm\u00e1n-y-perros-225x300.jpg 225w, https:\/\/elcronistadigital.com\/wp-content\/uploads\/2015\/07\/Guzm\u00e1n-y-perros.jpg 250w\" sizes=\"auto, (max-width: 225px) 100vw, 225px\" \/><\/a>Dr. Enrique Rimbaud<\/p>\n<p>Estamos inmersos en pleno festejo de las fiestas agostinas en honor al Santo Patrono de Managua, Santo Domingo de Guzm\u00e1n, sin embargo, pocos ac\u00f3litos saben por qu\u00e9 se representa a Santo Domingo, siempre al lado de un perro\u2026<\/p>\n<p>Estoy seguro que Santo Domingo gritar\u00eda a voz en cuello: \u00a1Los animales me importan! Y detestar\u00eda actividades re\u00f1idas con la moral y las buenas costumbres, como son las ri\u00f1as de gallos.<\/p>\n<p>La leyenda (primera biograf\u00eda de Santo Domingo), narra una visi\u00f3n que su madre, la beata Juana de Aza, tuvo antes de que Santo Domingo naciera.<\/p>\n<p>So\u00f1\u00f3 que un perrito blanco y negro sal\u00eda de su vientre con una antorcha encendida en su boca. Incapaz de comprender el significado de su sue\u00f1o, decidi\u00f3 buscar la intercesi\u00f3n de Santo Domingo de Silos, fundador de un famoso monasterio Benedictino de las cercan\u00edas.<\/p>\n<p>Hizo una peregrinaci\u00f3n al monasterio para pedir al Santo que le explicara el sue\u00f1o. All\u00ed comprendi\u00f3 que su hijo iba a encender el fuego de Jesucristo en el mundo por medio de la predicaci\u00f3n.<\/p>\n<p>En agradecimiento, puso a su hijo por nombre Domingo, como el santo de Silos. Es un nombre muy apropiado, por cuanto Domingo viene del Lat\u00edn Dominicus, que significa \u00abdel Se\u00f1or\u00bb. De Dominicus (Domingo) pero tambi\u00e9n de Dominicanus (Dominico, que es el nombre de la Orden de Santo Domingo).<\/p>\n<p>No obstante, utilizando un juego de palabras, se dice que Dominicanus es un compuesto de Dominus (Se\u00f1or) y canis (perro), significando \u00abel perro del Se\u00f1or\u00bb o el vigilante de la vi\u00f1a del Se\u00f1or)<\/p>\n<p>El Papa Honorio III, en su carta del 4 de febrero de 1221 a todos los obispos de la Iglesia recomendando la Orden de Santo Domingo, dijo que Domingo y sus seguidores hab\u00edan sido \u00abnombrados para la evangelizaci\u00f3n del mundo entero\u00bb.<\/p>\n<p>Y en otra carta, esta vez dirigida a Domingo (18 de enero de 1221), el Papa les llamaba pugiles fidei (caballeros de la fe, defendi\u00e9ndola contra todo el que se oponga a ella). Esto es lo que Domingo hizo durante toda su vida, defender la fe con el ejemplo de su vida y con su predicaci\u00f3n incesante contra los herejes del Languedoc en el sur de Francia, y con su deseo de ser misionero entre los no-cristianos. <a href=\"https:\/\/elcronistadigital.com\/?attachment_id=40708\" rel=\"attachment wp-att-40708\"><img loading=\"lazy\" decoding=\"async\" class=\"alignright size-full wp-image-40708\" alt=\"perro de guzm\u00e1n\" src=\"https:\/\/elcronistadigital.com\/wp-content\/uploads\/2015\/07\/perro-de-guzm\u00e1n.jpg\" width=\"300\" height=\"200\" \/><\/a><\/p>\n<p>Su primer bi\u00f3grafo, Jordan de Sajonia, en Libellus de Principiis Ordinis Fratum Praedicatorum de 1234, nos explica el significado de este perro: la madre, en el sue\u00f1o, tiene la visi\u00f3n de que su hijo ser\u00e1 un gran predicador y que con el ladrido de su santa palabra incitar\u00e1 a la vigilancia a las almas dormidas en el pecado y llevar\u00e1 por todo el mundo el fuego que Cristo vino a traer a la tierra. En este mismo gozo se hace referencia a este hecho: \u201cFuiste can con desvelo \/ a la iglesia defend\u00eda, etc.\u201d.<\/p>\n<p>A veces este perro aparecer\u00e1 moteado en blanco y negro, igual que el h\u00e1bito de los dominicos, frailes a los que se conoce mediante el juego de palabras Dominis Canis: perros del se\u00f1or. En algunas representaciones, junto al perro aparecer\u00e1 una loba o una zorra, simbolizando la Herej\u00eda; mientras que en otras ser\u00e1 el perro quien persiga al lobo que ataca a las ovejas, simbolizando estas \u00faltimas a los creyentes.<\/p>\n<p>De hecho, los Dominicos se consideran a s\u00ed mismos como \u201clos perros de la iglesia\u201d.<\/p>\n<p>Santo Domingo era gran amigo de San Francisco de As\u00eds, y entre ellos se visitaban asiduamente.<\/p>\n<p>En el a\u00f1o 1885, en Nicaragua, el le\u00f1ador Vicente Aburto, que trabajaba en la propiedad del se\u00f1or Inocente Garc\u00eda Lara, encontr\u00f3 una peque\u00f1a imagen de Santo Domingo dentro del hueco de un \u00e1rbol de madero negro. Sorprendido, le comunico a su patr\u00f3n. De inmediato llevaron la peque\u00f1a imagen a una Iglesia en Managua donde el sacerdote les dijo que se trataba de Santo Domingo de Guzm\u00e1n, quien fue misionero, protector y defensor de esclavos.<\/p>\n<p>A los d\u00edas la peque\u00f1a imagen volvi\u00f3 a aparecer en el mismo hueco del \u00e1rbol de madero negro, encontr\u00e1ndolo el mismo le\u00f1ador, nuevamente corri\u00f3 a la Iglesia de Managua a informar al sacerdote de lo ocurrido.<\/p>\n<p>El padre confirmo el hecho al revisar que la estatuilla no estaba en su lugar. Al observar el milagro, el sacerdote recomend\u00f3 que le construyeran una ermita y que cada a\u00f1o lo llevaran a Managua de visita por diez d\u00edas. As\u00ed nace la tradici\u00f3n de Santo Domingo de Guzm\u00e1n, patrono de Mangua.<\/p>\n<p>As\u00ed que ya saben, mis amigos managuas, c\u00f3mo es la historia, y que Santo Domingo \u00a1es el perro del Se\u00f1or!<\/p>\n<p>\u00a1Porque los animales nos importan!<\/p>\n","protected":false},"excerpt":{"rendered":"<p>Dr. Enrique Rimbaud Estamos inmersos en pleno festejo de las fiestas agostinas en honor al Santo Patrono de Managua, Santo Domingo de Guzm\u00e1n, sin embargo, pocos ac\u00f3litos saben por qu\u00e9 se representa a Santo Domingo, siempre al lado de un perro\u2026 Estoy seguro que Santo Domingo gritar\u00eda a voz en cuello: \u00a1Los animales me importan! [&hellip;]<\/p>\n","protected":false},"author":1,"featured_media":40707,"comment_status":"open","ping_status":"open","sticky":false,"template":"","format":"standard","meta":{"om_disable_all_campaigns":false,"_monsterinsights_skip_tracking":false,"_monsterinsights_sitenote_active":false,"_monsterinsights_sitenote_note":"","_monsterinsights_sitenote_category":0,"footnotes":""},"categories":[3,12],"tags":[],"class_list":["post-40706","post","type-post","status-publish","format-standard","has-post-thumbnail","hentry","category-nacionales","category-blugs"],"aioseo_notices":[],"_links":{"self":[{"href":"https:\/\/elcronistadigital.com\/index.php?rest_route=\/wp\/v2\/posts\/40706","targetHints":{"allow":["GET"]}}],"collection":[{"href":"https:\/\/elcronistadigital.com\/index.php?rest_route=\/wp\/v2\/posts"}],"about":[{"href":"https:\/\/elcronistadigital.com\/index.php?rest_route=\/wp\/v2\/types\/post"}],"author":[{"embeddable":true,"href":"https:\/\/elcronistadigital.com\/index.php?rest_route=\/wp\/v2\/users\/1"}],"replies":[{"embeddable":true,"href":"https:\/\/elcronistadigital.com\/index.php?rest_route=%2Fwp%2Fv2%2Fcomments&post=40706"}],"version-history":[{"count":1,"href":"https:\/\/elcronistadigital.com\/index.php?rest_route=\/wp\/v2\/posts\/40706\/revisions"}],"predecessor-version":[{"id":40709,"href":"https:\/\/elcronistadigital.com\/index.php?rest_route=\/wp\/v2\/posts\/40706\/revisions\/40709"}],"wp:featuredmedia":[{"embeddable":true,"href":"https:\/\/elcronistadigital.com\/index.php?rest_route=\/wp\/v2\/media\/40707"}],"wp:attachment":[{"href":"https:\/\/elcronistadigital.com\/index.php?rest_route=%2Fwp%2Fv2%2Fmedia&parent=40706"}],"wp:term":[{"taxonomy":"category","embeddable":true,"href":"https:\/\/elcronistadigital.com\/index.php?rest_route=%2Fwp%2Fv2%2Fcategories&post=40706"},{"taxonomy":"post_tag","embeddable":true,"href":"https:\/\/elcronistadigital.com\/index.php?rest_route=%2Fwp%2Fv2%2Ftags&post=40706"}],"curies":[{"name":"wp","href":"https:\/\/api.w.org\/{rel}","templated":true}]}}