{"id":41129,"date":"2015-08-24T20:31:58","date_gmt":"2015-08-25T02:31:58","guid":{"rendered":"http:\/\/elcronistadigital.com\/?p=41129"},"modified":"2015-08-24T20:31:58","modified_gmt":"2015-08-25T02:31:58","slug":"nuevos-procesos-y-nuevas-audiencias","status":"publish","type":"post","link":"https:\/\/elcronistadigital.com\/?p=41129","title":{"rendered":"Nuevos procesos y nuevas audiencias"},"content":{"rendered":"<div id=\"attachment_41130\" style=\"width: 285px\" class=\"wp-caption alignleft\"><a href=\"https:\/\/elcronistadigital.com\/wp-content\/uploads\/2015\/08\/Eric-Tremolada-\u00c1lvarez.jpg\"><img loading=\"lazy\" decoding=\"async\" aria-describedby=\"caption-attachment-41130\" class=\"size-full wp-image-41130\" alt=\"Eric Tremolada \u00c1lvarez.\" src=\"https:\/\/elcronistadigital.com\/wp-content\/uploads\/2015\/08\/Eric-Tremolada-\u00c1lvarez.jpg\" width=\"275\" height=\"171\" \/><\/a><p id=\"caption-attachment-41130\" class=\"wp-caption-text\">Eric Tremolada \u00c1lvarez.<\/p><\/div>\n<p><span style=\"color: #333399;\">Eric Tremolada \u00c1lvarez<\/span><\/p>\n<p><em><strong><span style=\"color: #993300;\">* Aunque estos procesos (\u2026) han sido llevados por el Gobierno de una manera m\u00e1s transparente y menos cerrada, la soluci\u00f3n definitiva y m\u00e1s favorable a los intereses colombianos, sigue siendo la negociaci\u00f3n directa con Nicaragua. No obstante (\u2026) el patrioterismo se exacerbar\u00e1 por esos d\u00edas, arrop\u00e1ndose en un legalismo que nos invitar\u00e1 a creer que podemos acoplar las obligaciones internacionales a nuestros intereses\u201d.<\/span><\/strong><\/em><\/p>\n<p>Los equipos jur\u00eddicos de Nicaragua y Colombia se volver\u00e1n a ver en el Palacio de la Paz en La Haya. En esta ocasi\u00f3n, la Corte Internacional convoc\u00f3 a las partes a audiencias p\u00fablicas que solo se referir\u00e1n a las objeciones preliminares planteadas por Colombia en los dos casos que se est\u00e1n tramitando.<\/p>\n<p>Del 28 de septiembre al 2 de octubre se ventilar\u00e1n las que tienen que ver con la demanda por las presuntas violaciones de los derechos soberanos y los espacios mar\u00edtimos en el mar del Caribe, y del 5 al 9 de octubre de 2015 se celebrar\u00e1n audiencias relativas a la cuesti\u00f3n de la delimitaci\u00f3n de la plataforma continental entre Nicaragua y Colombia, m\u00e1s all\u00e1 de las 200 millas n\u00e1uticas de la costa nicarag\u00fcense.<\/p>\n<p>El 16 de septiembre de 2013, Nicaragua present\u00f3 una demanda en contra de Colombia y solicit\u00f3 a la Corte que determine el curso exacto de la frontera mar\u00edtima en las \u00e1reas de la plataforma continental m\u00e1s all\u00e1 de los l\u00edmites determinados en la sentencia del 19 de noviembre de 2012. Fundamenta su demanda record\u00e1ndole a la Corte que esta, en el primer proceso, desestim\u00f3 su pretensi\u00f3n debido a que su equipo jur\u00eddico no hab\u00eda establecido que tiene un margen continental que se extiende m\u00e1s all\u00e1 de 200 millas marinas.<\/p>\n<p>Por su parte, el 26 de noviembre de 2013, Nicaragua -con otra demanda- solicita a la Corte que falle y declare que Colombia ha incumplido al menos tres obligaciones internacionales, recurriendo a la amenaza o al uso de la fuerza, con el prop\u00f3sito de desconocer los derechos y jurisdicci\u00f3n mar\u00edtimas de Nicaragua (zona econ\u00f3mica exclusiva y plataforma continental), establecidos en la sentencia del 19 de noviembre de 2102.<\/p>\n<p>Su argumentaci\u00f3n se basa en las declaraciones emitidas por el Presidente, vicepresidente, ministra de relaciones exteriores y comandante de la Armada de Colombia entre el 19 de noviembre 2012 y el 18 de septiembre de 2013 que evidencian el rechazo al fallo de la Corte y la decisi\u00f3n de considerar la sentencia como \u201cno aplicable\u201d. Se\u00f1ala, adem\u00e1s, que a estas declaraciones de las m\u00e1s altas autoridades del pa\u00eds, se suma la promulgaci\u00f3n de un decreto que viol\u00f3 abiertamente los derechos de soberan\u00eda de Nicaragua sobre sus espacios mar\u00edtimos en el Caribe donde se describe una zona integral contigua que los desvirt\u00faa.<\/p>\n<p>Aunque solo conoceremos la estrategia de Colombia cuando se haga p\u00fablica en las audiencias, no es dif\u00edcil inferir que sus objeciones preliminares -en ambos casos- objetar\u00e1n la jurisdicci\u00f3n de la Corte, con el fundamento de que el Pacto de Bogot\u00e1 hab\u00eda sido denunciado antes de las dos demandas, sin embargo, esto no prosperar\u00e1, pues el mismo pacto se\u00f1ala que los efectos para el denunciante cesar\u00e1n cuando haya transcurrido un a\u00f1o. Frente a la demanda de la delimitaci\u00f3n de la plataforma continental, m\u00e1s all\u00e1 de las 200 millas n\u00e1uticas, con seguridad reforzar\u00e1 sus objeciones con el principio de la cosa juzgada, mejorando sus posibilidades sin que nada est\u00e9 asegurado.<\/p>\n<p>Aunque estos procesos -a diferencia del anterior- han sido llevados por el Gobierno de una manera m\u00e1s transparente y menos cerrada, la soluci\u00f3n definitiva y m\u00e1s favorable a los intereses colombianos, sigue siendo la negociaci\u00f3n directa con Nicaragua. No obstante, como hemos sostenido en esta columna, el patrioterismo se exacerbar\u00e1 por esos d\u00edas, arrop\u00e1ndose en un legalismo que nos invitar\u00e1 a creer que podemos acoplar las obligaciones internacionales a nuestros intereses.<\/p>\n<p>Fuente: La Rep\u00fablica.<\/p>\n","protected":false},"excerpt":{"rendered":"<p>Eric Tremolada \u00c1lvarez * Aunque estos procesos (\u2026) han sido llevados por el Gobierno de una manera m\u00e1s transparente y menos cerrada, la soluci\u00f3n definitiva y m\u00e1s favorable a los intereses colombianos, sigue siendo la negociaci\u00f3n directa con Nicaragua. No obstante (\u2026) el patrioterismo se exacerbar\u00e1 por esos d\u00edas, arrop\u00e1ndose en un legalismo que nos [&hellip;]<\/p>\n","protected":false},"author":1,"featured_media":41130,"comment_status":"open","ping_status":"open","sticky":false,"template":"","format":"standard","meta":{"om_disable_all_campaigns":false,"_monsterinsights_skip_tracking":false,"_monsterinsights_sitenote_active":false,"_monsterinsights_sitenote_note":"","_monsterinsights_sitenote_category":0,"footnotes":""},"categories":[3,12],"tags":[],"class_list":["post-41129","post","type-post","status-publish","format-standard","has-post-thumbnail","hentry","category-nacionales","category-blugs"],"aioseo_notices":[],"_links":{"self":[{"href":"https:\/\/elcronistadigital.com\/index.php?rest_route=\/wp\/v2\/posts\/41129","targetHints":{"allow":["GET"]}}],"collection":[{"href":"https:\/\/elcronistadigital.com\/index.php?rest_route=\/wp\/v2\/posts"}],"about":[{"href":"https:\/\/elcronistadigital.com\/index.php?rest_route=\/wp\/v2\/types\/post"}],"author":[{"embeddable":true,"href":"https:\/\/elcronistadigital.com\/index.php?rest_route=\/wp\/v2\/users\/1"}],"replies":[{"embeddable":true,"href":"https:\/\/elcronistadigital.com\/index.php?rest_route=%2Fwp%2Fv2%2Fcomments&post=41129"}],"version-history":[{"count":1,"href":"https:\/\/elcronistadigital.com\/index.php?rest_route=\/wp\/v2\/posts\/41129\/revisions"}],"predecessor-version":[{"id":41131,"href":"https:\/\/elcronistadigital.com\/index.php?rest_route=\/wp\/v2\/posts\/41129\/revisions\/41131"}],"wp:featuredmedia":[{"embeddable":true,"href":"https:\/\/elcronistadigital.com\/index.php?rest_route=\/wp\/v2\/media\/41130"}],"wp:attachment":[{"href":"https:\/\/elcronistadigital.com\/index.php?rest_route=%2Fwp%2Fv2%2Fmedia&parent=41129"}],"wp:term":[{"taxonomy":"category","embeddable":true,"href":"https:\/\/elcronistadigital.com\/index.php?rest_route=%2Fwp%2Fv2%2Fcategories&post=41129"},{"taxonomy":"post_tag","embeddable":true,"href":"https:\/\/elcronistadigital.com\/index.php?rest_route=%2Fwp%2Fv2%2Ftags&post=41129"}],"curies":[{"name":"wp","href":"https:\/\/api.w.org\/{rel}","templated":true}]}}