{"id":41220,"date":"2015-08-31T10:00:11","date_gmt":"2015-08-31T16:00:11","guid":{"rendered":"http:\/\/elcronistadigital.com\/?p=41220"},"modified":"2015-08-31T10:00:11","modified_gmt":"2015-08-31T16:00:11","slug":"tres-huracanes-categoria-4-se-forman-a-la-vez-en-el-pacifico","status":"publish","type":"post","link":"https:\/\/elcronistadigital.com\/?p=41220","title":{"rendered":"Tres huracanes categor\u00eda 4 se forman a la vez en el Pac\u00edfico"},"content":{"rendered":"<p><a href=\"https:\/\/elcronistadigital.com\/wp-content\/uploads\/2015\/08\/Nasa.jpg\"><img loading=\"lazy\" decoding=\"async\" class=\"alignleft size-medium wp-image-41221\" alt=\"Nasa\" src=\"https:\/\/elcronistadigital.com\/wp-content\/uploads\/2015\/08\/Nasa-300x168.jpg\" width=\"300\" height=\"168\" srcset=\"https:\/\/elcronistadigital.com\/wp-content\/uploads\/2015\/08\/Nasa-300x168.jpg 300w, https:\/\/elcronistadigital.com\/wp-content\/uploads\/2015\/08\/Nasa-342x192.jpg 342w, https:\/\/elcronistadigital.com\/wp-content\/uploads\/2015\/08\/Nasa.jpg 750w\" sizes=\"auto, (max-width: 300px) 100vw, 300px\" \/><\/a>La NASA ha captado una imagen de un extra\u00f1o fen\u00f3meno meteorol\u00f3gico: por primera vez desde que existen registros tres huracanes de categor\u00eda 4, bautizados como Kilo, Ignacio y Jimena, se han formado de manera simult\u00e1nea en el oc\u00e9ano Pac\u00edfico.<\/p>\n<p>El sat\u00e9lite multinacional Terra de la NASA capt\u00f3 el s\u00e1bado a las 22:25 GMT una ins\u00f3lita imagen de los huracanes Kilo, Ignacio y Jimena, de este a oeste y todos ellos de categor\u00eda 4, alineados en el oc\u00e9ano Pac\u00edfico, informa el sitio oficial de la agencia citado por RT.<\/p>\n<p>Seg\u00fan registros del pasado domingo, el hurac\u00e1n Kilo, que est\u00e1 produciendo vientos sostenidos de 217 kil\u00f3metros por hora y su presi\u00f3n m\u00ednima central es de 946 milibares, se sit\u00faa a unos 1.600 kil\u00f3metros al sureste de Honolul\u00fa (Haw\u00e1i).<\/p>\n<p>Por su parte, el Ignacio, cuyos vientos superan los 225 kil\u00f3metros por hora y su presi\u00f3n m\u00ednima central es de 948 milibares, est\u00e1 localizado a unos 700 kil\u00f3metros al sur de la ciudad hawaiana de Hilo.<\/p>\n<p>Por \u00faltimo, el Jimena, que produce vientos que alcanzan los 210 kil\u00f3metros por hora y cuya presi\u00f3n m\u00ednima central es de 949 milibares, se encuentra a unos 2.700 kil\u00f3metros al este de la misma ciudad.<\/p>\n<p>Las previsiones meteorol\u00f3gicas apuntan a que el Ignacio se acercar\u00e1 al norte y este de Haw\u00e1i a principios de esta semana, dejando intensas lluvias y fuertes oleajes tras de s\u00ed. Actualmente ninguno de los tres huracanes representa una amenaza para las zonas costeras pobladas.<\/p>\n","protected":false},"excerpt":{"rendered":"<p>La NASA ha captado una imagen de un extra\u00f1o fen\u00f3meno meteorol\u00f3gico: por primera vez desde que existen registros tres huracanes de categor\u00eda 4, bautizados como Kilo, Ignacio y Jimena, se han formado de manera simult\u00e1nea en el oc\u00e9ano Pac\u00edfico. El sat\u00e9lite multinacional Terra de la NASA capt\u00f3 el s\u00e1bado a las 22:25 GMT una ins\u00f3lita [&hellip;]<\/p>\n","protected":false},"author":1,"featured_media":41221,"comment_status":"open","ping_status":"open","sticky":false,"template":"","format":"standard","meta":{"om_disable_all_campaigns":false,"_monsterinsights_skip_tracking":false,"_monsterinsights_sitenote_active":false,"_monsterinsights_sitenote_note":"","_monsterinsights_sitenote_category":0,"footnotes":""},"categories":[9,3524],"tags":[],"class_list":["post-41220","post","type-post","status-publish","format-standard","has-post-thumbnail","hentry","category-ciencia-y-tecnologia","category-noticas"],"aioseo_notices":[],"_links":{"self":[{"href":"https:\/\/elcronistadigital.com\/index.php?rest_route=\/wp\/v2\/posts\/41220","targetHints":{"allow":["GET"]}}],"collection":[{"href":"https:\/\/elcronistadigital.com\/index.php?rest_route=\/wp\/v2\/posts"}],"about":[{"href":"https:\/\/elcronistadigital.com\/index.php?rest_route=\/wp\/v2\/types\/post"}],"author":[{"embeddable":true,"href":"https:\/\/elcronistadigital.com\/index.php?rest_route=\/wp\/v2\/users\/1"}],"replies":[{"embeddable":true,"href":"https:\/\/elcronistadigital.com\/index.php?rest_route=%2Fwp%2Fv2%2Fcomments&post=41220"}],"version-history":[{"count":1,"href":"https:\/\/elcronistadigital.com\/index.php?rest_route=\/wp\/v2\/posts\/41220\/revisions"}],"predecessor-version":[{"id":41222,"href":"https:\/\/elcronistadigital.com\/index.php?rest_route=\/wp\/v2\/posts\/41220\/revisions\/41222"}],"wp:featuredmedia":[{"embeddable":true,"href":"https:\/\/elcronistadigital.com\/index.php?rest_route=\/wp\/v2\/media\/41221"}],"wp:attachment":[{"href":"https:\/\/elcronistadigital.com\/index.php?rest_route=%2Fwp%2Fv2%2Fmedia&parent=41220"}],"wp:term":[{"taxonomy":"category","embeddable":true,"href":"https:\/\/elcronistadigital.com\/index.php?rest_route=%2Fwp%2Fv2%2Fcategories&post=41220"},{"taxonomy":"post_tag","embeddable":true,"href":"https:\/\/elcronistadigital.com\/index.php?rest_route=%2Fwp%2Fv2%2Ftags&post=41220"}],"curies":[{"name":"wp","href":"https:\/\/api.w.org\/{rel}","templated":true}]}}