{"id":41223,"date":"2015-08-31T14:49:28","date_gmt":"2015-08-31T20:49:28","guid":{"rendered":"http:\/\/elcronistadigital.com\/?p=41223"},"modified":"2015-08-31T14:51:14","modified_gmt":"2015-08-31T20:51:14","slug":"kuero-a-la-conquista-de-paris","status":"publish","type":"post","link":"https:\/\/elcronistadigital.com\/?p=41223","title":{"rendered":"KUERO a la conquista de Par\u00eds"},"content":{"rendered":"<p><em><strong><span style=\"color: #993300;\"><a href=\"https:\/\/elcronistadigital.com\/wp-content\/uploads\/2015\/08\/Kuero.jpg\"><img loading=\"lazy\" decoding=\"async\" class=\"alignleft size-medium wp-image-41224\" alt=\"Kuero\" src=\"https:\/\/elcronistadigital.com\/wp-content\/uploads\/2015\/08\/Kuero-200x300.jpg\" width=\"200\" height=\"300\" srcset=\"https:\/\/elcronistadigital.com\/wp-content\/uploads\/2015\/08\/Kuero-200x300.jpg 200w, https:\/\/elcronistadigital.com\/wp-content\/uploads\/2015\/08\/Kuero-342x512.jpg 342w, https:\/\/elcronistadigital.com\/wp-content\/uploads\/2015\/08\/Kuero-300x449.jpg 300w, https:\/\/elcronistadigital.com\/wp-content\/uploads\/2015\/08\/Kuero.jpg 343w\" sizes=\"auto, (max-width: 200px) 100vw, 200px\" \/><\/a>* La fundadora de KUERO est\u00e1 preparada para conquistar el mercado parisino y expandirse al resto del mundo. La primera marca nicarag\u00fcense que ofrece un producto de alta moda en carteras y accesorios en cuero, participar\u00e1 en Who\u2019s Next con su colecci\u00f3n \u201cOleo de Alegr\u00eda\u201d, Primavera\/Verano 2016.<\/span><\/strong><\/em><\/p>\n<p>\u00bfQu\u00e9 dise\u00f1ador latinoamericano no sue\u00f1a con conquistar el mercado europeo y participar en uno de los eventos m\u00e1s exclusivos en el centro de la moda, Paris? Pero para conquistar Paris, hace falta m\u00e1s que so\u00f1ar, se requiere de mucho talento, pasi\u00f3n, trabajo y dedicaci\u00f3n, y eso lo sabe muy bien Ana Alexandra Vel\u00e1zquez, fundadora de KUERO.<\/p>\n<p>Y es que KUERO, la primera marca nicarag\u00fcense que ofrece un producto de alta moda con dise\u00f1os exclusivos de carteras y accesorios elaborados a mano, participar\u00e1 en uno de los eventos m\u00e1s importantes del mundo, el Who\u2019S Next, que se llevar\u00e1 a cabo en Paris del 4 al 7 de septiembre.<\/p>\n<p>Vel\u00e1squez destaca que adem\u00e1s de ofrecer un producto de alta moda, el motor y raz\u00f3n de ser de KUERO es su proyecto social, que contribuye a la transformaci\u00f3n de vidas de adentro hacia afuera.<\/p>\n<p>La fundadora de KUERO dice estar lista para partir a Paris y participar en el Who\u00b4s Next con su colecci\u00f3n Oleo de Alegr\u00eda, que est\u00e1 inspirada \u201cen la cita b\u00edblica Hebreos 1:9: Vida eterna, Oleo de Alegr\u00eda Primavera Verano 2016 es la dicha de tener a Cristo como Papa y la bendici\u00f3n de poder servir a nuestro entorno\u201d.<\/p>\n<p>\u201cOleo de Alegr\u00eda est\u00e1 compuesta por una diversidad de paleta de colores que van desde el natural para finalizar con una paleta de multicolores. He definido las etapas que representa nuestra colecci\u00f3n inspirada en el pasaje b\u00edblico Hebreos 1:9 \u2013 iniciando con el color natural que representa la eternidad, hasta una paleta de multicolores que representan la alegr\u00eda: aqua, amarrillo, fucsia, rojo y naranja. Cada color tiene su raz\u00f3n de ser: azul cobalto lo infinito, el blanco virtud y pureza, el negro elegancia y belleza, el caf\u00e9 nuestro entorno, la tierra\u201d, destaca Vel\u00e1squez.<a href=\"https:\/\/elcronistadigital.com\/wp-content\/uploads\/2015\/08\/Cuero.jpg\"><img loading=\"lazy\" decoding=\"async\" class=\"alignright size-medium wp-image-41226\" alt=\"Cuero\" src=\"https:\/\/elcronistadigital.com\/wp-content\/uploads\/2015\/08\/Cuero-300x187.jpg\" width=\"300\" height=\"187\" srcset=\"https:\/\/elcronistadigital.com\/wp-content\/uploads\/2015\/08\/Cuero-300x187.jpg 300w, https:\/\/elcronistadigital.com\/wp-content\/uploads\/2015\/08\/Cuero-342x213.jpg 342w, https:\/\/elcronistadigital.com\/wp-content\/uploads\/2015\/08\/Cuero.jpg 822w\" sizes=\"auto, (max-width: 300px) 100vw, 300px\" \/><\/a><\/p>\n<p>A\u00f1adi\u00f3 que Francia siempre ha estado dentro de los planes de negocio de KUERO, pero logr\u00f3 concretarse y acelerarse con una visita de directivos de ProNicaragua, quienes le comunicaron que KUERO, por ser pionera e innovadora en dise\u00f1os en cuero, calidad y de gran contenido social y con potencial exportador, era seleccionada para participar en ferias en Europa, gracias a un proyecto de competitividad e internacionalizaci\u00f3n financiado por la Uni\u00f3n Europea de la mano del MIFIC y ProNicaragua.<\/p>\n<p>\u201cParis es el centro de la moda, as\u00ed que estoy convencida de que esta visita ser\u00e1 la punta de lanza de KUERO, no s\u00f3lo para la conquista de un nuevo mercado, sino para expandirnos hacia el resto del mundo\u201d, destac\u00f3.<\/p>\n<p>La fundadora de KUERO agradeci\u00f3 el apoyo recibido en los distintos momentos como empresaria, \u201ca nuestra familia KUERO grandes colaboradores, a mi familia, proveedores, con quien trabajo de la mano, as\u00ed como a organismos como: Voces Vitales, REN, APENN, USAID, CEI, CNPE, ProNicaragua, MIFIC, Uni\u00f3n Europea y Comunidad Hosanna, a sus l\u00edderes y pastores, pero sobre todo a mi mejor aliado Cristo Jes\u00fas\u201d.<\/p>\n<p>\u00bfC\u00f3mo empez\u00f3 esta historia?<\/p>\n<p>En 2005, Ana Alexandra Vel\u00e1zquez fund\u00f3 Kuero, una marca con el fin de crear los primeros bolsos de dise\u00f1o en Nicaragua hechas con cuero artesanal, cada uno hecho a mano individualmente. Ana ha dise\u00f1ado noventa bolsos que se convirtieron en su primera colecci\u00f3n de bolsos de cuero.<br \/>\nKuero present\u00f3 la colecci\u00f3n de bolsos de cuero artesanales a un mercado tur\u00edstico cada vez mayor en Nicaragua, incluyendo clientes de pa\u00edses como Singapur, Espa\u00f1a, Italia, Suiza, Francia, Jordania, Estados Unidos y Colombia.<\/p>\n","protected":false},"excerpt":{"rendered":"<p>* La fundadora de KUERO est\u00e1 preparada para conquistar el mercado parisino y expandirse al resto del mundo. La primera marca nicarag\u00fcense que ofrece un producto de alta moda en carteras y accesorios en cuero, participar\u00e1 en Who\u2019s Next con su colecci\u00f3n \u201cOleo de Alegr\u00eda\u201d, Primavera\/Verano 2016. \u00bfQu\u00e9 dise\u00f1ador latinoamericano no sue\u00f1a con conquistar el [&hellip;]<\/p>\n","protected":false},"author":1,"featured_media":41224,"comment_status":"open","ping_status":"open","sticky":false,"template":"","format":"standard","meta":{"om_disable_all_campaigns":false,"_monsterinsights_skip_tracking":false,"_monsterinsights_sitenote_active":false,"_monsterinsights_sitenote_note":"","_monsterinsights_sitenote_category":0,"footnotes":""},"categories":[3,14],"tags":[],"class_list":["post-41223","post","type-post","status-publish","format-standard","has-post-thumbnail","hentry","category-nacionales","category-empresas"],"aioseo_notices":[],"_links":{"self":[{"href":"https:\/\/elcronistadigital.com\/index.php?rest_route=\/wp\/v2\/posts\/41223","targetHints":{"allow":["GET"]}}],"collection":[{"href":"https:\/\/elcronistadigital.com\/index.php?rest_route=\/wp\/v2\/posts"}],"about":[{"href":"https:\/\/elcronistadigital.com\/index.php?rest_route=\/wp\/v2\/types\/post"}],"author":[{"embeddable":true,"href":"https:\/\/elcronistadigital.com\/index.php?rest_route=\/wp\/v2\/users\/1"}],"replies":[{"embeddable":true,"href":"https:\/\/elcronistadigital.com\/index.php?rest_route=%2Fwp%2Fv2%2Fcomments&post=41223"}],"version-history":[{"count":2,"href":"https:\/\/elcronistadigital.com\/index.php?rest_route=\/wp\/v2\/posts\/41223\/revisions"}],"predecessor-version":[{"id":41227,"href":"https:\/\/elcronistadigital.com\/index.php?rest_route=\/wp\/v2\/posts\/41223\/revisions\/41227"}],"wp:featuredmedia":[{"embeddable":true,"href":"https:\/\/elcronistadigital.com\/index.php?rest_route=\/wp\/v2\/media\/41224"}],"wp:attachment":[{"href":"https:\/\/elcronistadigital.com\/index.php?rest_route=%2Fwp%2Fv2%2Fmedia&parent=41223"}],"wp:term":[{"taxonomy":"category","embeddable":true,"href":"https:\/\/elcronistadigital.com\/index.php?rest_route=%2Fwp%2Fv2%2Fcategories&post=41223"},{"taxonomy":"post_tag","embeddable":true,"href":"https:\/\/elcronistadigital.com\/index.php?rest_route=%2Fwp%2Fv2%2Ftags&post=41223"}],"curies":[{"name":"wp","href":"https:\/\/api.w.org\/{rel}","templated":true}]}}