{"id":41588,"date":"2015-09-28T08:06:54","date_gmt":"2015-09-28T14:06:54","guid":{"rendered":"http:\/\/elcronistadigital.com\/?p=41588"},"modified":"2015-09-28T08:06:54","modified_gmt":"2015-09-28T14:06:54","slug":"fallece-comediante-nica-en-puerto-rico","status":"publish","type":"post","link":"https:\/\/elcronistadigital.com\/?p=41588","title":{"rendered":"Fallece comediante nica en Puerto Rico"},"content":{"rendered":"<div id=\"attachment_41589\" style=\"width: 310px\" class=\"wp-caption alignleft\"><a href=\"https:\/\/elcronistadigital.com\/wp-content\/uploads\/2015\/09\/Constantino-Garc\u00eda.jpg\"><img loading=\"lazy\" decoding=\"async\" aria-describedby=\"caption-attachment-41589\" class=\"size-medium wp-image-41589\" alt=\"Constantino Garc\u00eda, actor y comediante nicarag\u00fcense.\" src=\"https:\/\/elcronistadigital.com\/wp-content\/uploads\/2015\/09\/Constantino-Garc\u00eda-300x148.jpg\" width=\"300\" height=\"148\" srcset=\"https:\/\/elcronistadigital.com\/wp-content\/uploads\/2015\/09\/Constantino-Garc\u00eda-300x148.jpg 300w, https:\/\/elcronistadigital.com\/wp-content\/uploads\/2015\/09\/Constantino-Garc\u00eda-342x169.jpg 342w, https:\/\/elcronistadigital.com\/wp-content\/uploads\/2015\/09\/Constantino-Garc\u00eda.jpg 615w\" sizes=\"auto, (max-width: 300px) 100vw, 300px\" \/><\/a><p id=\"caption-attachment-41589\" class=\"wp-caption-text\">Constantino Garc\u00eda, actor y comediante nicarag\u00fcense.<\/p><\/div>\n<p>El actor y comediante nicarag\u00fcense Constantino Garc\u00eda Arguello, mejor conocido como Tino Garc\u00eda, falleci\u00f3 el s\u00e1bado en Puerto Rico de un paro respiratorio luego de un padecimiento de c\u00e1ncer, se inform\u00f3 a trav\u00e9s de un comunicado de prensa.<\/p>\n<p>Garc\u00eda, nacido en Managua, Nicaragua, pero radicado en Puerto Rica, ten\u00eda de 80 a\u00f1os de edad, seg\u00fan publica primerahora.com.<\/p>\n<p>El comediante se desempe\u00f1\u00f3 toda su vida en la televisi\u00f3n, teatro y cine local. Es recordado mayormente por el personaje del \u201cBorrachito,\u201d el cual interpret\u00f3 durante muchos a\u00f1os en varios programas de comedia.<\/p>\n<p>Entre sus cr\u00e9ditos profesionales en el campo de la actuaci\u00f3n, se puede mencionar su participaci\u00f3n en novelas como \u201cEl derecho de nacer\u201d, \u201cCuando los hijos condenan\u201d, \u201cYo mat\u00e9 a una santa\u201d y \u201cPerd\u00f3n para esta mujer\u201d.<\/p>\n<p>En el campo humor\u00edstico form\u00f3 parte de producciones televisivas como \u201cInocencio el detective\u201d, \u201cQu\u00e9 pareja\u201d, \u201cLa taberna India\u201d, \u201cEl Show del Gallo\u201d, \u201cLa tiendita de la esquina\u201d, \u201cBarrio cuatro calles\u201d, \u201cEl chisme beauty\u201d y \u201cEl show de Raymond\u201d.<\/p>\n<p>En el aspecto teatral labor\u00f3 en producciones de la Cooperativa de Teatro La M\u00e1scara en la d\u00e9cada de 1960. Igualmente, actu\u00f3 en la puesta en escena de obras como \u201cUna cig\u00fce\u00f1a con bigote\u201d y \u201cCuando \u00e9l es Guadalupe\u201d, de Emilio Huyke; y \u201cLa carreta\u201d, de Ren\u00e9 Marqu\u00e9s, entre otras.<\/p>\n<p>En el cine, Garc\u00eda trabaj\u00f3 en producciones como \u201cMaruja\u201d (1960), \u201cM\u00e1s all\u00e1 del Capitolio\u201d (1963), \u201cHarbor Lights\u201d (1963), \u201cThunder Island\u201d (1963), \u201cMientras Puerto Rico duerme\u201d (1964), \u201cBananas (1971), dirigida por Woody Allen, y \u201cCasi Casi\u201d (2006).<\/p>\n<p>A Garc\u00eda le sobrevive su esposa, Lilliam Catal\u00e1, con quien estuvo casado desde el 1957, y sus seis hijos: Lily, Eva, Giselle, Tino, Nelly Ann y Ana Cristina.<\/p>\n<p>El cuerpo del actor ser\u00e1 expuesto el lunes, 28 de septiembre en la funeraria Puerto Rico Memorial, en Santurce, a partir de las 10:00 a.m. La misa de cuerpo presente ser\u00e1 el martes a las 10:00 a.m.<\/p>\n","protected":false},"excerpt":{"rendered":"<p>El actor y comediante nicarag\u00fcense Constantino Garc\u00eda Arguello, mejor conocido como Tino Garc\u00eda, falleci\u00f3 el s\u00e1bado en Puerto Rico de un paro respiratorio luego de un padecimiento de c\u00e1ncer, se inform\u00f3 a trav\u00e9s de un comunicado de prensa. Garc\u00eda, nacido en Managua, Nicaragua, pero radicado en Puerto Rica, ten\u00eda de 80 a\u00f1os de edad, seg\u00fan [&hellip;]<\/p>\n","protected":false},"author":1,"featured_media":41589,"comment_status":"open","ping_status":"open","sticky":false,"template":"","format":"standard","meta":{"om_disable_all_campaigns":false,"_monsterinsights_skip_tracking":false,"_monsterinsights_sitenote_active":false,"_monsterinsights_sitenote_note":"","_monsterinsights_sitenote_category":0,"footnotes":""},"categories":[3524],"tags":[],"class_list":["post-41588","post","type-post","status-publish","format-standard","has-post-thumbnail","hentry","category-noticas"],"aioseo_notices":[],"_links":{"self":[{"href":"https:\/\/elcronistadigital.com\/index.php?rest_route=\/wp\/v2\/posts\/41588","targetHints":{"allow":["GET"]}}],"collection":[{"href":"https:\/\/elcronistadigital.com\/index.php?rest_route=\/wp\/v2\/posts"}],"about":[{"href":"https:\/\/elcronistadigital.com\/index.php?rest_route=\/wp\/v2\/types\/post"}],"author":[{"embeddable":true,"href":"https:\/\/elcronistadigital.com\/index.php?rest_route=\/wp\/v2\/users\/1"}],"replies":[{"embeddable":true,"href":"https:\/\/elcronistadigital.com\/index.php?rest_route=%2Fwp%2Fv2%2Fcomments&post=41588"}],"version-history":[{"count":2,"href":"https:\/\/elcronistadigital.com\/index.php?rest_route=\/wp\/v2\/posts\/41588\/revisions"}],"predecessor-version":[{"id":41591,"href":"https:\/\/elcronistadigital.com\/index.php?rest_route=\/wp\/v2\/posts\/41588\/revisions\/41591"}],"wp:featuredmedia":[{"embeddable":true,"href":"https:\/\/elcronistadigital.com\/index.php?rest_route=\/wp\/v2\/media\/41589"}],"wp:attachment":[{"href":"https:\/\/elcronistadigital.com\/index.php?rest_route=%2Fwp%2Fv2%2Fmedia&parent=41588"}],"wp:term":[{"taxonomy":"category","embeddable":true,"href":"https:\/\/elcronistadigital.com\/index.php?rest_route=%2Fwp%2Fv2%2Fcategories&post=41588"},{"taxonomy":"post_tag","embeddable":true,"href":"https:\/\/elcronistadigital.com\/index.php?rest_route=%2Fwp%2Fv2%2Ftags&post=41588"}],"curies":[{"name":"wp","href":"https:\/\/api.w.org\/{rel}","templated":true}]}}