{"id":41607,"date":"2015-09-29T07:52:00","date_gmt":"2015-09-29T13:52:00","guid":{"rendered":"http:\/\/elcronistadigital.com\/?p=41607"},"modified":"2015-09-29T07:52:00","modified_gmt":"2015-09-29T13:52:00","slug":"gran-expectativa-de-empresarios-ecuatorianos-con-canal","status":"publish","type":"post","link":"https:\/\/elcronistadigital.com\/?p=41607","title":{"rendered":"Gran expectativa de empresarios ecuatorianos con canal"},"content":{"rendered":"<p><a href=\"https:\/\/elcronistadigital.com\/wp-content\/uploads\/2015\/09\/canal-grande.jpg\"><img loading=\"lazy\" decoding=\"async\" class=\"alignleft size-medium wp-image-41608\" alt=\"canal grande\" src=\"https:\/\/elcronistadigital.com\/wp-content\/uploads\/2015\/09\/canal-grande-300x164.jpg\" width=\"300\" height=\"164\" srcset=\"https:\/\/elcronistadigital.com\/wp-content\/uploads\/2015\/09\/canal-grande-300x164.jpg 300w, https:\/\/elcronistadigital.com\/wp-content\/uploads\/2015\/09\/canal-grande-342x187.jpg 342w, https:\/\/elcronistadigital.com\/wp-content\/uploads\/2015\/09\/canal-grande.jpg 630w\" sizes=\"auto, (max-width: 300px) 100vw, 300px\" \/><\/a>Empresarios ecuatorianos expresaron el lunes su inter\u00e9s en participar en proyectos de infraestructura en Nicaragua, especialmente en las obras del canal interoce\u00e1nico, durante una rueda de negocios con sus similares de este pa\u00eds de Centroam\u00e9rica.<\/p>\n<p>Aqu\u00ed est\u00e1n impulsando proyectos de infraestructura importantes y nos interesa obviamente participar con nuestros productos, todo lo que tiene que ver con la construcci\u00f3n, dijo el presidente de la C\u00e1mara de esa industria en Ecuador, Henry Yand\u00fan, citado por Prensa Latina.<\/p>\n<p>La fortaleza de esta naci\u00f3n reside en que se trata de un pa\u00eds organizado, tranquilo y con buenos proyectos de inversi\u00f3n, asever\u00f3 el empresario en declaraciones a la prensa, al se\u00f1alar que \u00abnuestra gran expectativa es con el nuevo canal\u00bb.<\/p>\n<p>La v\u00eda interoce\u00e1nica, que unir\u00e1 el Atl\u00e1ntico con el Pac\u00edfico, tendr\u00e1 276 kil\u00f3metros de longitud, 105 de los cuales atravesar\u00e1n el Cocibolca o Gran Lago de Nicaragua, refieren datos oficiales.<\/p>\n<p>Adem\u00e1s del canal, se trabajar\u00e1 en un aeropuerto, varias carreteras, una zona de libre comercio, complejos tur\u00edsticos y dos puertos.<\/p>\n<p>Yand\u00fan record\u00f3 que en Ecuador, gracias a las pol\u00edticas promovidas por el presidente Rafael Correa, muchas empresas han tenido buenos desempe\u00f1os, lo cual permiti\u00f3 que su industria se encuentre muy actualizada en tecnolog\u00eda y por tal raz\u00f3n quiera expandirse a Centroam\u00e9rica.<\/p>\n<p>En ese sentido, subray\u00f3 que Nicaragua es el pa\u00eds con las mejores condiciones sociales y jur\u00eddicas para invertir.<\/p>\n<p>Detall\u00f3 que muchas de las empresas ecuatorianas producen hierro, vigas, materiales para techos, cables el\u00e9ctricos y otros empleados en la edificaci\u00f3n de hospitales y carreteras.<\/p>\n","protected":false},"excerpt":{"rendered":"<p>Empresarios ecuatorianos expresaron el lunes su inter\u00e9s en participar en proyectos de infraestructura en Nicaragua, especialmente en las obras del canal interoce\u00e1nico, durante una rueda de negocios con sus similares de este pa\u00eds de Centroam\u00e9rica. Aqu\u00ed est\u00e1n impulsando proyectos de infraestructura importantes y nos interesa obviamente participar con nuestros productos, todo lo que tiene que [&hellip;]<\/p>\n","protected":false},"author":1,"featured_media":41608,"comment_status":"open","ping_status":"open","sticky":false,"template":"","format":"standard","meta":{"om_disable_all_campaigns":false,"_monsterinsights_skip_tracking":false,"_monsterinsights_sitenote_active":false,"_monsterinsights_sitenote_note":"","_monsterinsights_sitenote_category":0,"footnotes":""},"categories":[3],"tags":[],"class_list":["post-41607","post","type-post","status-publish","format-standard","has-post-thumbnail","hentry","category-nacionales"],"aioseo_notices":[],"_links":{"self":[{"href":"https:\/\/elcronistadigital.com\/index.php?rest_route=\/wp\/v2\/posts\/41607","targetHints":{"allow":["GET"]}}],"collection":[{"href":"https:\/\/elcronistadigital.com\/index.php?rest_route=\/wp\/v2\/posts"}],"about":[{"href":"https:\/\/elcronistadigital.com\/index.php?rest_route=\/wp\/v2\/types\/post"}],"author":[{"embeddable":true,"href":"https:\/\/elcronistadigital.com\/index.php?rest_route=\/wp\/v2\/users\/1"}],"replies":[{"embeddable":true,"href":"https:\/\/elcronistadigital.com\/index.php?rest_route=%2Fwp%2Fv2%2Fcomments&post=41607"}],"version-history":[{"count":1,"href":"https:\/\/elcronistadigital.com\/index.php?rest_route=\/wp\/v2\/posts\/41607\/revisions"}],"predecessor-version":[{"id":41609,"href":"https:\/\/elcronistadigital.com\/index.php?rest_route=\/wp\/v2\/posts\/41607\/revisions\/41609"}],"wp:featuredmedia":[{"embeddable":true,"href":"https:\/\/elcronistadigital.com\/index.php?rest_route=\/wp\/v2\/media\/41608"}],"wp:attachment":[{"href":"https:\/\/elcronistadigital.com\/index.php?rest_route=%2Fwp%2Fv2%2Fmedia&parent=41607"}],"wp:term":[{"taxonomy":"category","embeddable":true,"href":"https:\/\/elcronistadigital.com\/index.php?rest_route=%2Fwp%2Fv2%2Fcategories&post=41607"},{"taxonomy":"post_tag","embeddable":true,"href":"https:\/\/elcronistadigital.com\/index.php?rest_route=%2Fwp%2Fv2%2Ftags&post=41607"}],"curies":[{"name":"wp","href":"https:\/\/api.w.org\/{rel}","templated":true}]}}