{"id":41695,"date":"2015-10-07T08:02:35","date_gmt":"2015-10-07T14:02:35","guid":{"rendered":"http:\/\/elcronistadigital.com\/?p=41695"},"modified":"2015-10-07T08:02:35","modified_gmt":"2015-10-07T14:02:35","slug":"nicaragua-airosa-en-medio-de-crisis-regional","status":"publish","type":"post","link":"https:\/\/elcronistadigital.com\/?p=41695","title":{"rendered":"Nicaragua airosa en medio de crisis regional"},"content":{"rendered":"<p><a href=\"https:\/\/elcronistadigital.com\/wp-content\/uploads\/2015\/10\/crecimiento.jpg\"><img loading=\"lazy\" decoding=\"async\" class=\"alignleft size-medium wp-image-41696\" alt=\"crecimiento\" src=\"https:\/\/elcronistadigital.com\/wp-content\/uploads\/2015\/10\/crecimiento-300x240.jpg\" width=\"300\" height=\"240\" srcset=\"https:\/\/elcronistadigital.com\/wp-content\/uploads\/2015\/10\/crecimiento-300x240.jpg 300w, https:\/\/elcronistadigital.com\/wp-content\/uploads\/2015\/10\/crecimiento-342x273.jpg 342w, https:\/\/elcronistadigital.com\/wp-content\/uploads\/2015\/10\/crecimiento.jpg 420w\" sizes=\"auto, (max-width: 300px) 100vw, 300px\" \/><\/a>Panam\u00e1, Rep\u00fablica Dominicana y Nicaragua crecer\u00e1n a una tasa de 5.9 por ciento, 5 por ciento y 4,5 por ciento respectivamente, bastante por encima del promedio regional, seg\u00fan el informe semestral del economista jefe del Banco Mundial para Am\u00e9rica Latina y el Caribe, Augusto de la Torre, el cual fue lanzado el martes en Lima, Per\u00fa, en contexto de las reuniones anuales del Fondo Monetario Internacional (FMI) y el Banco Mundial (BM).<\/p>\n<p>El Banco Mundial dice que la desaceleraci\u00f3n en Am\u00e9rica Latina ejerce presi\u00f3n sobre puestos de trabajo e ingreso familiar y que el crecimiento regional seguir\u00e1 estancado en los meses que restan del a\u00f1o.<\/p>\n<p>A continuaci\u00f3n informe semestral \u00edntegro:<\/p>\n<p>Los cuatro a\u00f1os de desaceleraci\u00f3n econ\u00f3mica comienzan a tener un impacto adverso en los puestos de trabajo y el ingreso familiar de Am\u00e9rica Latina y el Caribe Luego de que el auge de las materias primas derivara en conquistas significativas, una ca\u00edda en la tasa de participaci\u00f3n laboral est\u00e1 haciendo que las familias comiencen a sentir el impacto, de acuerdo al \u00faltimo informe semestral del Banco Mundial.<\/p>\n<p>En el mismo, titulado: Empleos, salarios y la desaceleraci\u00f3n latinoamericana, la Oficina del Economista en Jefe del Banco Mundial para Am\u00e9rica Latina y el Caribe indica que la expectativa es que la regi\u00f3n tenga un crecimiento del 0 por ciento para 2015, con una leve mejora a 1 por ciento en 2016, si bien la incertidumbre en torno a este pron\u00f3stico es elevada.<\/p>\n<p>Este ser\u00eda el quinto a\u00f1o consecutivo en el que la regi\u00f3n estar\u00eda registrando un desempe\u00f1o inferior a las expectativas, se\u00f1al de que existen nuevos factores, mayormente internos, que estar\u00edan prolongando los efectos del empeoramiento en las condiciones externas, en particular la fuerte desaceleraci\u00f3n de China y la ca\u00edda en el precio de las materias primas.<\/p>\n<p>\u201cA\u00fan con la desaceleraci\u00f3n, los mercados laborales de la regi\u00f3n se las han arreglado para permanecer s\u00f3lidos,\u201d dijo Augusto de la Torre, Economista en Jefe del Banco Mundial para Am\u00e9rica Latina y el Caribe.<\/p>\n<p>\u201cEn los \u00faltimos tiempos, sin embargo, estamos viendo que la calidad del empleo se est\u00e1 deteriorando a medida que los asalariados se vuelven trabajadores independientes o pasan de empresas grandes a otras m\u00e1s peque\u00f1as. Los m\u00e1s notable, sin embargo, es el hecho que los trabajadores est\u00e9n abandonando el mercado laboral por completo, una tendencia particularmente marcada entre los hombres j\u00f3venes y menos educados. A medida que regresan a sus hogares, o a la escuela, sin salario, el ingreso de los hogares pobres podr\u00eda resentirse a\u00fan m\u00e1s\u201d.<\/p>\n<p>El informe, publicado previo a las reuniones anuales del Banco Mundial y el FMI de Lima, revela que el crecimiento promedio ponderado de la regi\u00f3n se estancar\u00e1 en 2015. Aunque la heterogeneidad dentro de la regi\u00f3n persiste y ha variado de manera considerable.<\/p>\n<p>M\u00e9xico, Am\u00e9rica Central y el Caribe, vinculados de manera m\u00e1s directa con los EE. UU., crecieron menos durante el auge de las materias primas o tras la crisis financiera mundial de 2008-2009, pero ahora se est\u00e1n recuperando m\u00e1s r\u00e1pido. M\u00e1s concretamente, Panam\u00e1, Rep\u00fablica Dominicana y Nicaragua crecer\u00e1n a una tasa de 5.9 por ciento, 5 por ciento y 4,5 por ciento respectivamente, bastante por encima del promedio regional.<\/p>\n<p>Los pa\u00edses sudamericanos, afectados de manera m\u00e1s directa por la desaceleraci\u00f3n en China y la ca\u00edda en el precio de las materias primas, muestran una tendencia de crecimiento diferente. Se espera que Bolivia, Colombia, Paraguay, Per\u00fa y Uruguay crezcan alrededor de 3 por ciento en 2015, Argentina crecer\u00e1 apenas por encima del 0 por ciento, mientras que Brasil, Ecuador y Venezuela exhibir\u00e1n una tasa de crecimiento negativa. Chile es un caso algo at\u00edpico con un crecimiento de 2,2 por ciento este a\u00f1o, aunque se anticipa que el mismo se recuperar\u00e1 en 2016 luego de haber realizado los ajustes necesarios respecto a la nueva realidad tras el auge de las materias primas.<\/p>\n<p>\u201cLa mayor\u00eda de los pa\u00edses de la regi\u00f3n se encuentra en el medio de un ajuste frente a una nueva realidad con menores ingresos por exportaci\u00f3n\u201d, dijo De la Torre. \u201cLa clave estar\u00e1 en lograr que el ajuste sea lo m\u00e1s fluido posible para as\u00ed evitar p\u00e9rdidas excesivas en t\u00e9rminos de actividad econ\u00f3mica y empleo. Desde el punto de vista de las pol\u00edticas a seguir, la pregunta clave es si \u2014y de qu\u00e9 manera\u2014 se ver\u00e1n afectadas las condiciones del mercado laboral y la distribuci\u00f3n del ingreso en los meses y a\u00f1os venideros\u201d.<\/p>\n<p>Aquellos pa\u00edses con tipos de cambio flexible han dejado que sus monedas absorban buena parte de este golpe externo. Esto ayuda a disminuir las importaciones de manera inmediata y deber\u00eda fomentar las exportaciones a largo plazo. Sin embargo, advierte el informe, este cambio en la actividad econ\u00f3mica a favor de las exportaciones probablemente tome tiempo, debido a una menor demanda internacional y a la contracci\u00f3n de los sectores transables no primarios experimentada durante el auge de las materias primas. Aquellos pa\u00edses con suficiente espacio fiscal podr\u00e1n tomar deuda y as\u00ed suavizar el ajuste en su cuenta corriente externa. En los pa\u00edses sin flexibilidad fiscal o financiera el ajuste ser\u00e1 m\u00e1s complicado.<\/p>\n<p>Durante los a\u00f1os de bonanza, la desigualdad en el ingreso disminuy\u00f3 a medida que m\u00e1s integrantes del hogar ingresaban al mercado laboral; a su vez, los salarios de los trabajadores pobres no cualificados crecieron m\u00e1s r\u00e1pido que los salarios de los trabajadores cualificados. Adem\u00e1s, los trabajadores cambiaron el trabajo aut\u00f3nomo por puestos asalariados, y de empresas peque\u00f1as a otras m\u00e1s grandes.<\/p>\n<p>Sin embargo, durante la actual desaceleraci\u00f3n, si bien la tasa de desempleo no ha aumentado de manera apreciable, la generaci\u00f3n del empleo se est\u00e1 estancando, la calidad del empleo se ha deteriorado y la tasa de participaci\u00f3n laboral ha ca\u00eddo; especialmente ahora que hombres j\u00f3venes han dejado de buscar empleo, algo que podr\u00eda provocar un aumento de la desigualdad en el ingreso de los hogares. Asimismo, si bien los salarios de los trabajadores no cualificados han disminuido menos que los de los trabajadores cualificados, la p\u00e9rdida de empleo entre los primeros ha sido mucho m\u00e1s elevada.<\/p>\n<p>Esta situaci\u00f3n tiene repercusiones pol\u00edticas significativas, sostiene el informe. Redes de protecci\u00f3n social bien enfocadas pueden ayudar a amortiguar el impacto de la desaceleraci\u00f3n econ\u00f3mica entre las m\u00e1s vulnerables. Tambi\u00e9n es importante considerar el papel de las leyes de salario m\u00ednimo, que ayudaron a elevar el ingreso laboral de los trabajadores no cualificados en los a\u00f1os de bonanza, pero que ahora podr\u00edan socavar la creaci\u00f3n de empleo durante la desaceleraci\u00f3n.<\/p>\n","protected":false},"excerpt":{"rendered":"<p>Panam\u00e1, Rep\u00fablica Dominicana y Nicaragua crecer\u00e1n a una tasa de 5.9 por ciento, 5 por ciento y 4,5 por ciento respectivamente, bastante por encima del promedio regional, seg\u00fan el informe semestral del economista jefe del Banco Mundial para Am\u00e9rica Latina y el Caribe, Augusto de la Torre, el cual fue lanzado el martes en Lima, [&hellip;]<\/p>\n","protected":false},"author":1,"featured_media":41696,"comment_status":"open","ping_status":"open","sticky":false,"template":"","format":"standard","meta":{"om_disable_all_campaigns":false,"_monsterinsights_skip_tracking":false,"_monsterinsights_sitenote_active":false,"_monsterinsights_sitenote_note":"","_monsterinsights_sitenote_category":0,"footnotes":""},"categories":[4,3524],"tags":[],"class_list":["post-41695","post","type-post","status-publish","format-standard","has-post-thumbnail","hentry","category-economia","category-noticas"],"aioseo_notices":[],"_links":{"self":[{"href":"https:\/\/elcronistadigital.com\/index.php?rest_route=\/wp\/v2\/posts\/41695","targetHints":{"allow":["GET"]}}],"collection":[{"href":"https:\/\/elcronistadigital.com\/index.php?rest_route=\/wp\/v2\/posts"}],"about":[{"href":"https:\/\/elcronistadigital.com\/index.php?rest_route=\/wp\/v2\/types\/post"}],"author":[{"embeddable":true,"href":"https:\/\/elcronistadigital.com\/index.php?rest_route=\/wp\/v2\/users\/1"}],"replies":[{"embeddable":true,"href":"https:\/\/elcronistadigital.com\/index.php?rest_route=%2Fwp%2Fv2%2Fcomments&post=41695"}],"version-history":[{"count":1,"href":"https:\/\/elcronistadigital.com\/index.php?rest_route=\/wp\/v2\/posts\/41695\/revisions"}],"predecessor-version":[{"id":41697,"href":"https:\/\/elcronistadigital.com\/index.php?rest_route=\/wp\/v2\/posts\/41695\/revisions\/41697"}],"wp:featuredmedia":[{"embeddable":true,"href":"https:\/\/elcronistadigital.com\/index.php?rest_route=\/wp\/v2\/media\/41696"}],"wp:attachment":[{"href":"https:\/\/elcronistadigital.com\/index.php?rest_route=%2Fwp%2Fv2%2Fmedia&parent=41695"}],"wp:term":[{"taxonomy":"category","embeddable":true,"href":"https:\/\/elcronistadigital.com\/index.php?rest_route=%2Fwp%2Fv2%2Fcategories&post=41695"},{"taxonomy":"post_tag","embeddable":true,"href":"https:\/\/elcronistadigital.com\/index.php?rest_route=%2Fwp%2Fv2%2Ftags&post=41695"}],"curies":[{"name":"wp","href":"https:\/\/api.w.org\/{rel}","templated":true}]}}