{"id":41707,"date":"2015-10-07T12:02:43","date_gmt":"2015-10-07T18:02:43","guid":{"rendered":"http:\/\/elcronistadigital.com\/?p=41707"},"modified":"2015-10-07T12:02:43","modified_gmt":"2015-10-07T18:02:43","slug":"edgar-allan-poe-fallecio-hace-166-anos","status":"publish","type":"post","link":"https:\/\/elcronistadigital.com\/?p=41707","title":{"rendered":"Edgar Allan Poe falleci\u00f3 hace 166 a\u00f1os"},"content":{"rendered":"<p>&nbsp;<\/p>\n<div id=\"attachment_41708\" style=\"width: 339px\" class=\"wp-caption alignleft\"><a href=\"https:\/\/elcronistadigital.com\/wp-content\/uploads\/2015\/10\/EDGAR-ALLAN-POE.jpg\"><img loading=\"lazy\" decoding=\"async\" aria-describedby=\"caption-attachment-41708\" class=\"size-full wp-image-41708\" alt=\"Edgar Allan Poe, maestro del cuento de terror y el relato corto.\" src=\"https:\/\/elcronistadigital.com\/wp-content\/uploads\/2015\/10\/EDGAR-ALLAN-POE.jpg\" width=\"329\" height=\"328\" srcset=\"https:\/\/elcronistadigital.com\/wp-content\/uploads\/2015\/10\/EDGAR-ALLAN-POE.jpg 329w, https:\/\/elcronistadigital.com\/wp-content\/uploads\/2015\/10\/EDGAR-ALLAN-POE-150x150.jpg 150w, https:\/\/elcronistadigital.com\/wp-content\/uploads\/2015\/10\/EDGAR-ALLAN-POE-300x299.jpg 300w, https:\/\/elcronistadigital.com\/wp-content\/uploads\/2015\/10\/EDGAR-ALLAN-POE-50x50.jpg 50w, https:\/\/elcronistadigital.com\/wp-content\/uploads\/2015\/10\/EDGAR-ALLAN-POE-70x70.jpg 70w, https:\/\/elcronistadigital.com\/wp-content\/uploads\/2015\/10\/EDGAR-ALLAN-POE-55x55.jpg 55w\" sizes=\"auto, (max-width: 329px) 100vw, 329px\" \/><\/a><p id=\"caption-attachment-41708\" class=\"wp-caption-text\">Edgar Allan Poe, maestro del cuento de terror y el relato corto.<\/p><\/div>\n<p><em><strong><span style=\"color: #993300;\">* Maestro del cuento de terror y del relato corto, Rub\u00e9n Dar\u00edo le dedic\u00f3 un ensayo en su libro \u2018Los Raros\u2019.<\/span><\/strong><\/em><\/p>\n<p>Nacido el 19 de enero de 1809 en Boston, Poe se qued\u00f3 hu\u00e9rfano a temprana edad y se crio en la casa de Frances y John Allan, una familia rica de Richmond, en Virginia.<\/p>\n<p>Tras un breve paso por la Universidad de Virginia y otro, igualmente corto por el Ej\u00e9rcito, Poe inici\u00f3 su carrera literaria a los 18 a\u00f1os con la publicaci\u00f3n de \u2018Tamerlane y otros poemas\u2019.<\/p>\n<p>En los veintid\u00f3s a\u00f1os siguientes Poe destac\u00f3 como poeta, cr\u00edtico, periodista rom\u00e1ntico y fue uno de los primeros escritores en Estados Unidos, pero sobre todo maestro mundial del relato corto.<\/p>\n<p>El 7 de octubre de 1849, Poe muri\u00f3 en Baltimore, ciudad a la que cada a\u00f1o miles de visitantes llegan para visitar la \u00faltima residencia del escritor en el 203 de la Calle Amity, que ahora alberga un museo abierto en temporada.<\/p>\n<p>Casi de acuerdo con la obra caracter\u00edstica de Poe -que incluye cuentos de terror, relatos detectivescos, situaciones macabras y misterio, mucho misterio-, la causa de la muerte del narrador nunca se aclar\u00f3.<\/p>\n<p>Las especulaciones incluyen alcoholismo, congesti\u00f3n cerebral, abuso de drogas, c\u00f3lera, fallo cardiaco, suicidio, tuberculosis y hasta hidrofobia.<\/p>\n<p>La influencia de Poe, cuyas exploraciones intelectuales incluyeron asuntos como la criptograf\u00eda y la cosmolog\u00eda, alcanz\u00f3 a escritores como Jorge Luis Borges, Julio Cort\u00e1zar y H.P. Lovecraft, y el poeta nicarag\u00fcense Rub\u00e9n Dar\u00edo le dedic\u00f3 un ensayo en su libro \u2018Los raros\u2019.<\/p>\n<p>Los relatos de Poe se han multiplicado en adaptaciones cinematogr\u00e1ficas, en revistas de dibujos, y en la televisi\u00f3n con algunos episodios de la serie espa\u00f1ola \u2018Historias para no dormir\u2019, dirigida por Narciso Ib\u00e1\u00f1ez Serrador.<\/p>\n","protected":false},"excerpt":{"rendered":"<p>&nbsp; * Maestro del cuento de terror y del relato corto, Rub\u00e9n Dar\u00edo le dedic\u00f3 un ensayo en su libro \u2018Los Raros\u2019. Nacido el 19 de enero de 1809 en Boston, Poe se qued\u00f3 hu\u00e9rfano a temprana edad y se crio en la casa de Frances y John Allan, una familia rica de Richmond, en [&hellip;]<\/p>\n","protected":false},"author":1,"featured_media":41708,"comment_status":"open","ping_status":"open","sticky":false,"template":"","format":"standard","meta":{"om_disable_all_campaigns":false,"_monsterinsights_skip_tracking":false,"_monsterinsights_sitenote_active":false,"_monsterinsights_sitenote_note":"","_monsterinsights_sitenote_category":0,"footnotes":""},"categories":[10],"tags":[],"class_list":["post-41707","post","type-post","status-publish","format-standard","has-post-thumbnail","hentry","category-cultura"],"aioseo_notices":[],"_links":{"self":[{"href":"https:\/\/elcronistadigital.com\/index.php?rest_route=\/wp\/v2\/posts\/41707","targetHints":{"allow":["GET"]}}],"collection":[{"href":"https:\/\/elcronistadigital.com\/index.php?rest_route=\/wp\/v2\/posts"}],"about":[{"href":"https:\/\/elcronistadigital.com\/index.php?rest_route=\/wp\/v2\/types\/post"}],"author":[{"embeddable":true,"href":"https:\/\/elcronistadigital.com\/index.php?rest_route=\/wp\/v2\/users\/1"}],"replies":[{"embeddable":true,"href":"https:\/\/elcronistadigital.com\/index.php?rest_route=%2Fwp%2Fv2%2Fcomments&post=41707"}],"version-history":[{"count":1,"href":"https:\/\/elcronistadigital.com\/index.php?rest_route=\/wp\/v2\/posts\/41707\/revisions"}],"predecessor-version":[{"id":41709,"href":"https:\/\/elcronistadigital.com\/index.php?rest_route=\/wp\/v2\/posts\/41707\/revisions\/41709"}],"wp:featuredmedia":[{"embeddable":true,"href":"https:\/\/elcronistadigital.com\/index.php?rest_route=\/wp\/v2\/media\/41708"}],"wp:attachment":[{"href":"https:\/\/elcronistadigital.com\/index.php?rest_route=%2Fwp%2Fv2%2Fmedia&parent=41707"}],"wp:term":[{"taxonomy":"category","embeddable":true,"href":"https:\/\/elcronistadigital.com\/index.php?rest_route=%2Fwp%2Fv2%2Fcategories&post=41707"},{"taxonomy":"post_tag","embeddable":true,"href":"https:\/\/elcronistadigital.com\/index.php?rest_route=%2Fwp%2Fv2%2Ftags&post=41707"}],"curies":[{"name":"wp","href":"https:\/\/api.w.org\/{rel}","templated":true}]}}