{"id":41727,"date":"2015-10-09T08:08:12","date_gmt":"2015-10-09T14:08:12","guid":{"rendered":"http:\/\/elcronistadigital.com\/?p=41727"},"modified":"2015-10-09T08:08:12","modified_gmt":"2015-10-09T14:08:12","slug":"economia-nicaraguense-tambien-crecera-en-2016-17","status":"publish","type":"post","link":"https:\/\/elcronistadigital.com\/?p=41727","title":{"rendered":"Econom\u00eda nicarag\u00fcense tambi\u00e9n crecer\u00e1 en 2016-17"},"content":{"rendered":"<p><a href=\"https:\/\/elcronistadigital.com\/wp-content\/uploads\/2015\/10\/crece.jpg\"><img loading=\"lazy\" decoding=\"async\" class=\"alignleft size-medium wp-image-41728\" alt=\"crece\" src=\"https:\/\/elcronistadigital.com\/wp-content\/uploads\/2015\/10\/crece-300x300.jpg\" width=\"300\" height=\"300\" srcset=\"https:\/\/elcronistadigital.com\/wp-content\/uploads\/2015\/10\/crece-300x299.jpg 300w, https:\/\/elcronistadigital.com\/wp-content\/uploads\/2015\/10\/crece-150x150.jpg 150w, https:\/\/elcronistadigital.com\/wp-content\/uploads\/2015\/10\/crece-50x50.jpg 50w, https:\/\/elcronistadigital.com\/wp-content\/uploads\/2015\/10\/crece-342x341.jpg 342w, https:\/\/elcronistadigital.com\/wp-content\/uploads\/2015\/10\/crece-70x70.jpg 70w, https:\/\/elcronistadigital.com\/wp-content\/uploads\/2015\/10\/crece-55x55.jpg 55w, https:\/\/elcronistadigital.com\/wp-content\/uploads\/2015\/10\/crece.jpg 347w\" sizes=\"auto, (max-width: 300px) 100vw, 300px\" \/><\/a>Nicaragua experimenta crecimientos econ\u00f3micos sostenidos hace varios a\u00f1os, pero lo m\u00e1s halagador es que ya hoy se habla de incrementos similares en ese indicador para 2016 y 2017, coment\u00f3 el vicepresidente Omar Halleslevens.<\/p>\n<p>El pa\u00eds va en esa ruta y no se va a parar, insisti\u00f3 tras recordar que para el presente a\u00f1o el crecimiento (estimado) de m\u00e1s del cuatro por ciento solo ser\u00e1 superado en Centroam\u00e9rica por una econom\u00eda, la de Panam\u00e1 (seis).<\/p>\n<p>Eso habla de estabilidad en la naci\u00f3n, de crecimiento en la inversi\u00f3n extranjera y la p\u00fablica, con una macroeconom\u00eda sana, robusta, reconocida por organizaciones internacionales, abund\u00f3 el segundo ejecutivo del Gobierno.<\/p>\n<p>Tales datos son estimulantes, pero nos comprometen a trabajar cada d\u00eda porque la sociedad nicarag\u00fcense mejore su nivel de vida, en especial para que se reduzcan los bolsones de pobreza y pobreza extrema, coment\u00f3.<\/p>\n<p>Como parte de ese entorno de despegue econ\u00f3mico record\u00f3 la existencia de un megaproyecto como el del Gran Canal Interoce\u00e1nico de Nicaragua, valuado en 50 mil millones de d\u00f3lares, y otro de gran envergadura, la hidroel\u00e9ctrica de Tumar\u00edn (mil 100 millones).<br \/>\nAdem\u00e1s de la reciente encuesta del Instituto Nacional de Informaci\u00f3n de Desarrollo (Inide), que determin\u00f3 durante el per\u00edodo 2009-14 una reducci\u00f3n de la pobreza general de un 42.5 a un 29.6 por ciento, mientras la calificada de extrema merm\u00f3 de un 14.6 a un ocho punto tres, la FAO tambi\u00e9n reconoci\u00f3 recientemente avances en materia de seguridad alimentaria.<\/p>\n<p>No lo decimos nosotros, lo dicen organismos internacionales que hacen trabajo de campo aqu\u00ed con sus investigadores y consultores, y eso es un resultado de lo que venimos haciendo en el pa\u00eds, a trav\u00e9s de las pol\u00edticas p\u00fablicas que el presidente Daniel Ortega implementa a nivel de sociedad, analiz\u00f3 Halleslevens.<\/p>\n","protected":false},"excerpt":{"rendered":"<p>Nicaragua experimenta crecimientos econ\u00f3micos sostenidos hace varios a\u00f1os, pero lo m\u00e1s halagador es que ya hoy se habla de incrementos similares en ese indicador para 2016 y 2017, coment\u00f3 el vicepresidente Omar Halleslevens. El pa\u00eds va en esa ruta y no se va a parar, insisti\u00f3 tras recordar que para el presente a\u00f1o el crecimiento [&hellip;]<\/p>\n","protected":false},"author":1,"featured_media":41728,"comment_status":"open","ping_status":"open","sticky":false,"template":"","format":"standard","meta":{"om_disable_all_campaigns":false,"_monsterinsights_skip_tracking":false,"_monsterinsights_sitenote_active":false,"_monsterinsights_sitenote_note":"","_monsterinsights_sitenote_category":0,"footnotes":""},"categories":[4,3524],"tags":[],"class_list":["post-41727","post","type-post","status-publish","format-standard","has-post-thumbnail","hentry","category-economia","category-noticas"],"aioseo_notices":[],"_links":{"self":[{"href":"https:\/\/elcronistadigital.com\/index.php?rest_route=\/wp\/v2\/posts\/41727","targetHints":{"allow":["GET"]}}],"collection":[{"href":"https:\/\/elcronistadigital.com\/index.php?rest_route=\/wp\/v2\/posts"}],"about":[{"href":"https:\/\/elcronistadigital.com\/index.php?rest_route=\/wp\/v2\/types\/post"}],"author":[{"embeddable":true,"href":"https:\/\/elcronistadigital.com\/index.php?rest_route=\/wp\/v2\/users\/1"}],"replies":[{"embeddable":true,"href":"https:\/\/elcronistadigital.com\/index.php?rest_route=%2Fwp%2Fv2%2Fcomments&post=41727"}],"version-history":[{"count":1,"href":"https:\/\/elcronistadigital.com\/index.php?rest_route=\/wp\/v2\/posts\/41727\/revisions"}],"predecessor-version":[{"id":41729,"href":"https:\/\/elcronistadigital.com\/index.php?rest_route=\/wp\/v2\/posts\/41727\/revisions\/41729"}],"wp:featuredmedia":[{"embeddable":true,"href":"https:\/\/elcronistadigital.com\/index.php?rest_route=\/wp\/v2\/media\/41728"}],"wp:attachment":[{"href":"https:\/\/elcronistadigital.com\/index.php?rest_route=%2Fwp%2Fv2%2Fmedia&parent=41727"}],"wp:term":[{"taxonomy":"category","embeddable":true,"href":"https:\/\/elcronistadigital.com\/index.php?rest_route=%2Fwp%2Fv2%2Fcategories&post=41727"},{"taxonomy":"post_tag","embeddable":true,"href":"https:\/\/elcronistadigital.com\/index.php?rest_route=%2Fwp%2Fv2%2Ftags&post=41727"}],"curies":[{"name":"wp","href":"https:\/\/api.w.org\/{rel}","templated":true}]}}