{"id":41757,"date":"2015-10-13T08:21:26","date_gmt":"2015-10-13T14:21:26","guid":{"rendered":"http:\/\/elcronistadigital.com\/?p=41757"},"modified":"2015-10-13T08:21:26","modified_gmt":"2015-10-13T14:21:26","slug":"versos-de-dario-en-homenaje-a-cervantes","status":"publish","type":"post","link":"https:\/\/elcronistadigital.com\/?p=41757","title":{"rendered":"Versos de Dar\u00edo en homenaje a Cervantes"},"content":{"rendered":"<p><a href=\"https:\/\/elcronistadigital.com\/wp-content\/uploads\/2015\/10\/instituto_cervantes.jpg\"><img loading=\"lazy\" decoding=\"async\" class=\"alignleft size-medium wp-image-41758\" alt=\"instituto_cervantes\" src=\"https:\/\/elcronistadigital.com\/wp-content\/uploads\/2015\/10\/instituto_cervantes-300x186.jpg\" width=\"300\" height=\"186\" srcset=\"https:\/\/elcronistadigital.com\/wp-content\/uploads\/2015\/10\/instituto_cervantes-300x186.jpg 300w, https:\/\/elcronistadigital.com\/wp-content\/uploads\/2015\/10\/instituto_cervantes-342x212.jpg 342w, https:\/\/elcronistadigital.com\/wp-content\/uploads\/2015\/10\/instituto_cervantes.jpg 727w\" sizes=\"auto, (max-width: 300px) 100vw, 300px\" \/><\/a>El Instituto Cervantes, en Madrid, Espa\u00f1a, se sum\u00f3 a la celebraci\u00f3n de la Fiesta Nacional con una jornada de puertas abiertas en el que invita a ver la exposici\u00f3n \u201cQuijotes por el mundo\u201d y a conocer la Caja de las Letras.<\/p>\n<p>Las puertas del hist\u00f3rico edificio de la calle Alcal\u00e1, 49 de Madrid se abrieron el lunes y a los primeros 500 asistentes han sido obsequiados con una planta -un pensamiento- acompa\u00f1ada de unos versos del poema \u201cLetan\u00edas de nuestro se\u00f1or don Quijote\u201d, del escritor nicarag\u00fcense Rub\u00e9n Dar\u00edo (1967-1916).<\/p>\n<p>Es la primera vez que el organismo que promociona en todo el mundo la lengua espa\u00f1ola y la cultura en espa\u00f1ol celebra un d\u00eda de Puertas Abiertas con motivo de la festividad del 12 de octubre.<\/p>\n<p>Los visitantes pudieron adentrarse en dos de sus espacios m\u00e1s destacables: el vest\u00edbulo, donde estuvo abierta por \u00faltimo d\u00eda \u2013se prorrog\u00f3 para la ocasi\u00f3n- la exposici\u00f3n \u201cQuijotes por el mundo\u201d, y la Caja de las Letras, un espacio singular que guarda legados cedidos por, hasta el momento, 25 personalidades de la cultura de Espa\u00f1a e Hispanoam\u00e9rica.<\/p>\n<p>\u201cQuijotes por el mundo\u201d<\/p>\n<p>La exposici\u00f3n re\u00fane 185 libros de Don Quijote de la Mancha editados en casi 60 lenguas a lo largo de cuatro siglos. Organizada por el Instituto Cervantes con motivo del cuarto centenario de la publicaci\u00f3n de la segunda parte de la inmortal novela, es tambi\u00e9n un homenaje a los traductores que han hecho posible que la obra se conozca en todo el mundo y sea una de las m\u00e1s le\u00eddas. El comisario es el experto cervantista Jos\u00e9 Manuel Luc\u00eda Meg\u00edas.<\/p>\n<p>La muestra cuenta adem\u00e1s con ediciones del Quijote para ni\u00f1os, la proyecci\u00f3n de la pel\u00edcula de Javier Rioyo y Ascen Marchena El Quijote cabalga por el cine, as\u00ed como 28 carteles de adaptaciones cinematogr\u00e1ficas y una instalaci\u00f3n audiovisual con lecturas de fragmentos del libro en diferentes idiomas.<\/p>\n<p>Caja de las Letras<\/p>\n<p>Los visitantes tambi\u00e9n podr\u00e1n descubrir la Caja de las Letras, una especie de \u201cc\u00e1psula del tiempo\u201d ubicada en los s\u00f3tanos. Se trata de la antigua c\u00e1mara acorazada del Banco Espa\u00f1ol del R\u00edo de la Plata, para el que se erigi\u00f3 el edificio hace casi un siglo. El Instituto Cervantes ha reconvertido este espacio que cuenta con un millar de cajas de seguridad, y hoy atesora legados que han ido cediendo destacados autores, pintores, m\u00fasicos, bailarines, cient\u00edficos, etc. Entre ellos se encuentran todos los escritores galardonados con el Premio Cervantes desde 2007.<\/p>\n","protected":false},"excerpt":{"rendered":"<p>El Instituto Cervantes, en Madrid, Espa\u00f1a, se sum\u00f3 a la celebraci\u00f3n de la Fiesta Nacional con una jornada de puertas abiertas en el que invita a ver la exposici\u00f3n \u201cQuijotes por el mundo\u201d y a conocer la Caja de las Letras. Las puertas del hist\u00f3rico edificio de la calle Alcal\u00e1, 49 de Madrid se abrieron [&hellip;]<\/p>\n","protected":false},"author":1,"featured_media":41758,"comment_status":"open","ping_status":"open","sticky":false,"template":"","format":"standard","meta":{"om_disable_all_campaigns":false,"_monsterinsights_skip_tracking":false,"_monsterinsights_sitenote_active":false,"_monsterinsights_sitenote_note":"","_monsterinsights_sitenote_category":0,"footnotes":""},"categories":[10],"tags":[],"class_list":["post-41757","post","type-post","status-publish","format-standard","has-post-thumbnail","hentry","category-cultura"],"aioseo_notices":[],"_links":{"self":[{"href":"https:\/\/elcronistadigital.com\/index.php?rest_route=\/wp\/v2\/posts\/41757","targetHints":{"allow":["GET"]}}],"collection":[{"href":"https:\/\/elcronistadigital.com\/index.php?rest_route=\/wp\/v2\/posts"}],"about":[{"href":"https:\/\/elcronistadigital.com\/index.php?rest_route=\/wp\/v2\/types\/post"}],"author":[{"embeddable":true,"href":"https:\/\/elcronistadigital.com\/index.php?rest_route=\/wp\/v2\/users\/1"}],"replies":[{"embeddable":true,"href":"https:\/\/elcronistadigital.com\/index.php?rest_route=%2Fwp%2Fv2%2Fcomments&post=41757"}],"version-history":[{"count":1,"href":"https:\/\/elcronistadigital.com\/index.php?rest_route=\/wp\/v2\/posts\/41757\/revisions"}],"predecessor-version":[{"id":41759,"href":"https:\/\/elcronistadigital.com\/index.php?rest_route=\/wp\/v2\/posts\/41757\/revisions\/41759"}],"wp:featuredmedia":[{"embeddable":true,"href":"https:\/\/elcronistadigital.com\/index.php?rest_route=\/wp\/v2\/media\/41758"}],"wp:attachment":[{"href":"https:\/\/elcronistadigital.com\/index.php?rest_route=%2Fwp%2Fv2%2Fmedia&parent=41757"}],"wp:term":[{"taxonomy":"category","embeddable":true,"href":"https:\/\/elcronistadigital.com\/index.php?rest_route=%2Fwp%2Fv2%2Fcategories&post=41757"},{"taxonomy":"post_tag","embeddable":true,"href":"https:\/\/elcronistadigital.com\/index.php?rest_route=%2Fwp%2Fv2%2Ftags&post=41757"}],"curies":[{"name":"wp","href":"https:\/\/api.w.org\/{rel}","templated":true}]}}