{"id":41868,"date":"2015-10-19T08:05:08","date_gmt":"2015-10-19T14:05:08","guid":{"rendered":"http:\/\/elcronistadigital.com\/?p=41868"},"modified":"2015-10-19T08:05:08","modified_gmt":"2015-10-19T14:05:08","slug":"discutiran-en-nicaragua-sobre-educacion-y-cultura","status":"publish","type":"post","link":"https:\/\/elcronistadigital.com\/?p=41868","title":{"rendered":"Discutir\u00e1n en Nicaragua sobre educaci\u00f3n y cultura"},"content":{"rendered":"<p><a href=\"https:\/\/elcronistadigital.com\/wp-content\/uploads\/2015\/10\/Foro-Iberoamericano-de-Educaci\u00f3n-y-Cultura-en-la-Era-Digital.jpg\"><img loading=\"lazy\" decoding=\"async\" class=\"alignleft size-full wp-image-41869\" alt=\"Foro Iberoamericano de Educaci\u00f3n y Cultura en la Era Digital\" src=\"https:\/\/elcronistadigital.com\/wp-content\/uploads\/2015\/10\/Foro-Iberoamericano-de-Educaci\u00f3n-y-Cultura-en-la-Era-Digital.jpg\" width=\"470\" height=\"246\" srcset=\"https:\/\/elcronistadigital.com\/wp-content\/uploads\/2015\/10\/Foro-Iberoamericano-de-Educaci\u00f3n-y-Cultura-en-la-Era-Digital.jpg 470w, https:\/\/elcronistadigital.com\/wp-content\/uploads\/2015\/10\/Foro-Iberoamericano-de-Educaci\u00f3n-y-Cultura-en-la-Era-Digital-300x157.jpg 300w, https:\/\/elcronistadigital.com\/wp-content\/uploads\/2015\/10\/Foro-Iberoamericano-de-Educaci\u00f3n-y-Cultura-en-la-Era-Digital-342x179.jpg 342w\" sizes=\"auto, (max-width: 470px) 100vw, 470px\" \/><\/a>El 26 y 27 de noviembre se celebrar\u00e1 en Managua la segunda edici\u00f3n del Foro Iberoamericano de Educaci\u00f3n y Cultura en la Era Digital (Fieced), en el que habr\u00e1 ponencias, charlas, casos de \u00e9xito y mesas redondas acerca de las experiencias en la aplicaci\u00f3n de la tecnolog\u00eda como herramienta para la difusi\u00f3n de la educaci\u00f3n, formaci\u00f3n y la cultura.<\/p>\n<p>La programaci\u00f3n fue presentada el mi\u00e9rcoles 14 de octubre en la Sala Cervantes de Casa Am\u00e9rica de Madrid, Espa\u00f1a, que un a\u00f1o m\u00e1s ser\u00e1 colaboradora de este evento en el que participar\u00e1n representantes de una veintena de ministerios de Educaci\u00f3n de pa\u00edses iberoamericanos, comunidad educativa y empresas vinculadas a la tecnolog\u00eda.<\/p>\n<p>El foro tiene como objetivo aunar voluntades, esfuerzos y visiones de diferentes pueblos para conseguir afianzar \u201cel mayor pilar del futuro\u201d: la educaci\u00f3n. Adem\u00e1s este a\u00f1o la sostenibilidad ser\u00e1 uno de los principales ejes alrededor del cual girar\u00e1 buena parte de las actividades programadas.<\/p>\n<p>Al acto de presentaci\u00f3n asistieron el c\u00f3nsul general de Nicaragua en Espa\u00f1a, Orlando Duarte; el director gerente de Casa Am\u00e9rica, \u00d3scar D\u00e1vila; y el presidente del Fieced, C\u00e9sar Garc\u00eda Manchado, quien destac\u00f3 que \u201cno se trata s\u00f3lo de poner ordenadores en las escuelas, sino tambi\u00e9n de establecer una industria nacional\u201d.<\/p>\n<p>Por su parte, el c\u00f3nsul general de Nicaragua en Espa\u00f1a, Orlando Duarte, se\u00f1al\u00f3 que Nicaragua es \u201cterritorio libre de analfabetismo\u201d en el que se est\u00e1n poniendo en marcha distintos proyectos para mejorar la calidad en la educaci\u00f3n y en donde \u201cla tecnolog\u00eda y la metodolog\u00eda nos ayudan en estos procesos\u201d.<\/p>\n<p>Figuras destacadas del \u00e1mbito tecnol\u00f3gico aportar\u00e1n una visi\u00f3n del trascendental cambio que se est\u00e1 produciendo en el mundo de la educaci\u00f3n y de las nuevas tecnolog\u00edas. Tambi\u00e9n se abordar\u00e1n temas como el presente y futuro de la educaci\u00f3n en la nueva era digital, la tecnolog\u00eda para un reparto m\u00e1s equitativo de la riqueza, innovaci\u00f3n y gesti\u00f3n del cambio en la escuela, ciudadan\u00eda digital, o seguridad y protecci\u00f3n en las TIC.<\/p>\n<p>El programa del Fieced cuenta con ponencias institucionales y de los mayores expertos a nivel mundial en materia educativa, casos de \u00e9xito, mesas redondas y workshops.<\/p>\n<p>Del mismo modo, se desarrollar\u00e1n otras actividades de corte pedag\u00f3gico y se reconocer\u00e1n las mejores iniciativas y proyectos educativos con los Premios Fieced por la Educaci\u00f3n, que reconocen a los profesionales y entidades que favorecen el desarrollo y la implantaci\u00f3n de soluciones TIC, la innovaci\u00f3n y la sostenibilidad en el sector educativo.<\/p>\n<p>En la pasada edici\u00f3n los galardonados fueron Casa Am\u00e9rica, en la categor\u00eda de instituciones; Educacion3.0., en divulgaci\u00f3n; Peter Hill, en nuevos retos; Celia S\u00e1nchez-Ramos, en investigaci\u00f3n, y Ara Malikian, en innovaci\u00f3n.<\/p>\n<p>Fuente: Notim\u00e9rica<\/p>\n","protected":false},"excerpt":{"rendered":"<p>El 26 y 27 de noviembre se celebrar\u00e1 en Managua la segunda edici\u00f3n del Foro Iberoamericano de Educaci\u00f3n y Cultura en la Era Digital (Fieced), en el que habr\u00e1 ponencias, charlas, casos de \u00e9xito y mesas redondas acerca de las experiencias en la aplicaci\u00f3n de la tecnolog\u00eda como herramienta para la difusi\u00f3n de la educaci\u00f3n, [&hellip;]<\/p>\n","protected":false},"author":1,"featured_media":41869,"comment_status":"open","ping_status":"open","sticky":false,"template":"","format":"standard","meta":{"om_disable_all_campaigns":false,"_monsterinsights_skip_tracking":false,"_monsterinsights_sitenote_active":false,"_monsterinsights_sitenote_note":"","_monsterinsights_sitenote_category":0,"footnotes":""},"categories":[10,3524],"tags":[],"class_list":["post-41868","post","type-post","status-publish","format-standard","has-post-thumbnail","hentry","category-cultura","category-noticas"],"aioseo_notices":[],"_links":{"self":[{"href":"https:\/\/elcronistadigital.com\/index.php?rest_route=\/wp\/v2\/posts\/41868","targetHints":{"allow":["GET"]}}],"collection":[{"href":"https:\/\/elcronistadigital.com\/index.php?rest_route=\/wp\/v2\/posts"}],"about":[{"href":"https:\/\/elcronistadigital.com\/index.php?rest_route=\/wp\/v2\/types\/post"}],"author":[{"embeddable":true,"href":"https:\/\/elcronistadigital.com\/index.php?rest_route=\/wp\/v2\/users\/1"}],"replies":[{"embeddable":true,"href":"https:\/\/elcronistadigital.com\/index.php?rest_route=%2Fwp%2Fv2%2Fcomments&post=41868"}],"version-history":[{"count":1,"href":"https:\/\/elcronistadigital.com\/index.php?rest_route=\/wp\/v2\/posts\/41868\/revisions"}],"predecessor-version":[{"id":41870,"href":"https:\/\/elcronistadigital.com\/index.php?rest_route=\/wp\/v2\/posts\/41868\/revisions\/41870"}],"wp:featuredmedia":[{"embeddable":true,"href":"https:\/\/elcronistadigital.com\/index.php?rest_route=\/wp\/v2\/media\/41869"}],"wp:attachment":[{"href":"https:\/\/elcronistadigital.com\/index.php?rest_route=%2Fwp%2Fv2%2Fmedia&parent=41868"}],"wp:term":[{"taxonomy":"category","embeddable":true,"href":"https:\/\/elcronistadigital.com\/index.php?rest_route=%2Fwp%2Fv2%2Fcategories&post=41868"},{"taxonomy":"post_tag","embeddable":true,"href":"https:\/\/elcronistadigital.com\/index.php?rest_route=%2Fwp%2Fv2%2Ftags&post=41868"}],"curies":[{"name":"wp","href":"https:\/\/api.w.org\/{rel}","templated":true}]}}