{"id":42153,"date":"2015-11-06T08:55:18","date_gmt":"2015-11-06T14:55:18","guid":{"rendered":"http:\/\/elcronistadigital.com\/?p=42153"},"modified":"2015-11-06T08:55:18","modified_gmt":"2015-11-06T14:55:18","slug":"cronica-de-una-entrevista-laboral","status":"publish","type":"post","link":"https:\/\/elcronistadigital.com\/?p=42153","title":{"rendered":"Cr\u00f3nica de una entrevista laboral"},"content":{"rendered":"<div id=\"attachment_42154\" style=\"width: 310px\" class=\"wp-caption alignleft\"><a href=\"https:\/\/elcronistadigital.com\/wp-content\/uploads\/2015\/11\/Marco-Aurelio-Rodr\u00edguez.jpg\"><img loading=\"lazy\" decoding=\"async\" aria-describedby=\"caption-attachment-42154\" class=\"size-medium wp-image-42154\" alt=\"Marco Aurelio Rodr\u00edguez.\" src=\"https:\/\/elcronistadigital.com\/wp-content\/uploads\/2015\/11\/Marco-Aurelio-Rodr\u00edguez-300x300.jpg\" width=\"300\" height=\"300\" srcset=\"https:\/\/elcronistadigital.com\/wp-content\/uploads\/2015\/11\/Marco-Aurelio-Rodr\u00edguez-300x299.jpg 300w, https:\/\/elcronistadigital.com\/wp-content\/uploads\/2015\/11\/Marco-Aurelio-Rodr\u00edguez-150x150.jpg 150w, https:\/\/elcronistadigital.com\/wp-content\/uploads\/2015\/11\/Marco-Aurelio-Rodr\u00edguez-50x50.jpg 50w, https:\/\/elcronistadigital.com\/wp-content\/uploads\/2015\/11\/Marco-Aurelio-Rodr\u00edguez-342x341.jpg 342w, https:\/\/elcronistadigital.com\/wp-content\/uploads\/2015\/11\/Marco-Aurelio-Rodr\u00edguez-70x70.jpg 70w, https:\/\/elcronistadigital.com\/wp-content\/uploads\/2015\/11\/Marco-Aurelio-Rodr\u00edguez-55x55.jpg 55w, https:\/\/elcronistadigital.com\/wp-content\/uploads\/2015\/11\/Marco-Aurelio-Rodr\u00edguez.jpg 380w\" sizes=\"auto, (max-width: 300px) 100vw, 300px\" \/><\/a><p id=\"caption-attachment-42154\" class=\"wp-caption-text\">Marco Aurelio Rodr\u00edguez.<\/p><\/div>\n<p>Marco Aurelio Rodr\u00edguez *<\/p>\n<p>La experiencia de traspasar los linderos et\u00e1reos es siempre una aventura. Dejar la edad infantil y emprender el viaje hacia la adolescencia siempre ha sido emocionante. Iniciar la adultez con la tard\u00eda adolescencia todav\u00eda pis\u00e1ndonos los talones; avanzar en la madurez, con sus crisis, divorcios, hijos, responsabilidades y continuar el camino hacia la Tercera Edad, son etapas de eso que solemos llamar La Vida.<\/p>\n<p>Ya conoc\u00edamos del proverbial rechazo que en nuestro pa\u00eds siempre hubo hacia el adulto mayor \u2014esos seres que arrumaban en el \u00faltimo cuarto de las casas \u2014en donde confinaban a los \u00abviejos\u00bb y a las \u00abviejas\u00bb\u2014, a esperar de que el carro f\u00fanebre les diera el \u00faltimo empujoncito hacia la eternidad.<\/p>\n<p>La historia va as\u00ed: Despu\u00e9s de haber ido a dejar mi Resumen Curricular en una instituci\u00f3n del ESTADO REVOLUCIONARIO-SOCIALISTA, llamada Fundalanavial, recib\u00ed una llamada telef\u00f3nica para que me presentara a una entrevista de trabajo.<\/p>\n<p>Fui recibido en la oficina de Recursos Humanos, donde llen\u00e9 los formularios de rigor. Todo se desarrollaba de manera normal, hasta que comenz\u00f3 la entrevista con la Jefa de Recursos Humanos, que en primer termino me hizo saber displicente que: \u2014No ten\u00eda mucho tiempo\u2014 que me iba a atender aunque estaba elaborando un Acta de entrega de no s\u00e9 qu\u00e9&#8230;<\/p>\n<p>La primera pregunta fue: \u2014\u00bfQui\u00e9n le recomend\u00f3 con el coronel? Se refer\u00eda al militar que dirige esa instituci\u00f3n. La pregunta de la Jefa de Recursos Humanos me retrotrajo a la Cuarta Rep\u00fablica; fue lo que llaman los entendidos un Deja v\u00fa. De pronto me vi en la \u00e9poca en la que para buscar trabajo te ped\u00edan un carnet de Acci\u00f3n Democr\u00e1tica&#8230; Y como a m\u00ed nadie me hab\u00eda recomendado con ning\u00fan coronel, respond\u00ed que no.<\/p>\n<p>A m\u00ed respuesta el rostro de la mujer se demud\u00f3 en un rictus de molestia y atac\u00f3 de nuevo: \u2014\u00bfEntonces c\u00f3mo lleg\u00f3 hasta aqu\u00ed? Le dije que unas colegas me hab\u00edan comentado lo de la vacante y que en internet est\u00e1 publicada la solicitud de personal.<\/p>\n<p>Voy a saltarme los detalles relativos al sueldo, porque como persona de convicciones de izquierda, no espero de la administraci\u00f3n p\u00fablica grandes ingresos, sino la oportunidad de aportar mi experiencia al tan ansiado proyecto de la Revoluci\u00f3n Socialista Venezolana.<\/p>\n<p>La entrevista puede resumirse como una serie de pretextos esgrimidos por la entrevistadora para desalentarme de ingresar a esa organizaci\u00f3n, y mis respuestas, las de una persona con conocimiento, experiencia y un curr\u00edculum blindado por los cuatro costados y sobredimensionado, ya que entre los requisitos no se mencionaba el dominio de tres lenguas extranjeras.<\/p>\n<p>La escaramuza lleg\u00f3 a su fin cuando la brillante Jefa de Recursos Humanos pregunt\u00f3 m\u00ed edad: \u00abSesenta\u00bb, respond\u00ed con la seguridad que esa cifra otorga a un profesional de experiencia.<\/p>\n<p>\u2014\u00bfY usted se siente bien? Digo, continu\u00f3 ella, me refiero a sus a\u00f1os&#8230; Ese si es un verdadero impedimento. Usted es de la Tercera Edad y bueno&#8230;\u2014 . La ataj\u00e9 en la frase y le dije: \u00ab\u00a1Ah!, usted se refiere a que soy \u00abviejo\u00bb. A lo que la brillante Jefa de Recursos Humanos respondi\u00f3 que bueno, que ella se refer\u00eda a que soy de la Tercera Edad y que por lo tanto \u00a1eso me descalifica para optar al cargo!<\/p>\n<p>Hasta aqu\u00ed la entrevista.<\/p>\n<p>Abandon\u00e9 la oficina de la brillante Jefa de Asuntos P\u00fablicos con un dejo de l\u00e1stima.<\/p>\n<p>Si Ch\u00e1vez estuviera vivo ser\u00eda un a\u00f1o M\u00c1S VIEJO que yo; probablemente muchos, pero much\u00edsimos l\u00edderes de esta revoluci\u00f3n ya han dejado bien atr\u00e1s los sesenta a\u00f1os.<\/p>\n<p>La gran mayor\u00eda de las personas m\u00e1s l\u00facidas que he conocido y que he le\u00eddo, son mayores de sesenta a\u00f1os. Muchas de las personas m\u00e1s divertidas e inteligentes que conozco \u2014y que son mis amigos\u2014 son j\u00f3venes cuyas edades oscilan entre los 30 y los 50 a\u00f1os. Tengo varios amigos y amigas que cuentan entre 70 y 83 a\u00f1os; gente fresca con ideas extraordinarias, que cada vez me convencen m\u00e1s y m\u00e1s que vale la pena llegar hasta all\u00e1 con ese esp\u00edritu fresco y jovial que admiro.<\/p>\n<p>Por suerte, la Rep\u00fablica Bolivariana de Venezuela cuenta mayoritariamente con gente con una mentalidad de avanzada que vieron siempre en Mar\u00edo Benedetti, Eduardo Galeano, Pepe Mujica, Lula Da Silva, Daniel Ortega, Ra\u00fal y Fidel Castro, Josip Broz Tito, Pablo Neruda, Alejo Carpentier, Julio Cort\u00e1zar, Mar\u00eda Le\u00f3n, Soto Rojas, Giordani y much\u00edsimos tantos m\u00e1s; gente no de la Tercera Edad, sino de primera categor\u00eda como humanistas y luchadores por un mundo mejor.<\/p>\n<p>Por tanto, quiero dejar una reflexi\u00f3n dirigida a quienes est\u00e1n al frente de instituciones del Estado: La Constituci\u00f3n de la Rep\u00fablica Bolivariana de Venezuela se destaca por su car\u00e1cter inclusivo, contra la discriminaci\u00f3n de cualquier \u00edndole. No lo olviden.<\/p>\n<p>Nuestro pa\u00eds ahora brinda una excelente atenci\u00f3n a las personas mayores gracias al legado de Ch\u00e1vez y la continuidad que le ha dado a esas pol\u00edticas Nicol\u00e1s Maduro \u2014Jefe de la Fuerza Armada Bolivariana\u2014a la que pertenecen muchos oficiales mayores de 60 a\u00f1os, que permanecen al frente de instituciones.<\/p>\n<p>De ahora en adelante sabr\u00e9 evitar los herm\u00e9ticos portones de la organizaci\u00f3n a la que me he referido y que tanto necesita del hurac\u00e1n revolucionario de Ch\u00e1vez para que le borre esa vetusta impronta de claustro medieval.<\/p>\n<p>Ps: Al que no le guste la Tercera Edad s\u00f3lo resta pedirle a dios que no envejezca.<\/p>\n<p>* Periodista\/Polit\u00f3logo\/Docente\/Escritor.<\/p>\n","protected":false},"excerpt":{"rendered":"<p>Marco Aurelio Rodr\u00edguez * La experiencia de traspasar los linderos et\u00e1reos es siempre una aventura. Dejar la edad infantil y emprender el viaje hacia la adolescencia siempre ha sido emocionante. Iniciar la adultez con la tard\u00eda adolescencia todav\u00eda pis\u00e1ndonos los talones; avanzar en la madurez, con sus crisis, divorcios, hijos, responsabilidades y continuar el camino [&hellip;]<\/p>\n","protected":false},"author":1,"featured_media":42154,"comment_status":"open","ping_status":"open","sticky":false,"template":"","format":"standard","meta":{"om_disable_all_campaigns":false,"_monsterinsights_skip_tracking":false,"_monsterinsights_sitenote_active":false,"_monsterinsights_sitenote_note":"","_monsterinsights_sitenote_category":0,"footnotes":""},"categories":[12],"tags":[],"class_list":["post-42153","post","type-post","status-publish","format-standard","has-post-thumbnail","hentry","category-blugs"],"aioseo_notices":[],"_links":{"self":[{"href":"https:\/\/elcronistadigital.com\/index.php?rest_route=\/wp\/v2\/posts\/42153","targetHints":{"allow":["GET"]}}],"collection":[{"href":"https:\/\/elcronistadigital.com\/index.php?rest_route=\/wp\/v2\/posts"}],"about":[{"href":"https:\/\/elcronistadigital.com\/index.php?rest_route=\/wp\/v2\/types\/post"}],"author":[{"embeddable":true,"href":"https:\/\/elcronistadigital.com\/index.php?rest_route=\/wp\/v2\/users\/1"}],"replies":[{"embeddable":true,"href":"https:\/\/elcronistadigital.com\/index.php?rest_route=%2Fwp%2Fv2%2Fcomments&post=42153"}],"version-history":[{"count":1,"href":"https:\/\/elcronistadigital.com\/index.php?rest_route=\/wp\/v2\/posts\/42153\/revisions"}],"predecessor-version":[{"id":42155,"href":"https:\/\/elcronistadigital.com\/index.php?rest_route=\/wp\/v2\/posts\/42153\/revisions\/42155"}],"wp:featuredmedia":[{"embeddable":true,"href":"https:\/\/elcronistadigital.com\/index.php?rest_route=\/wp\/v2\/media\/42154"}],"wp:attachment":[{"href":"https:\/\/elcronistadigital.com\/index.php?rest_route=%2Fwp%2Fv2%2Fmedia&parent=42153"}],"wp:term":[{"taxonomy":"category","embeddable":true,"href":"https:\/\/elcronistadigital.com\/index.php?rest_route=%2Fwp%2Fv2%2Fcategories&post=42153"},{"taxonomy":"post_tag","embeddable":true,"href":"https:\/\/elcronistadigital.com\/index.php?rest_route=%2Fwp%2Fv2%2Ftags&post=42153"}],"curies":[{"name":"wp","href":"https:\/\/api.w.org\/{rel}","templated":true}]}}