{"id":42224,"date":"2015-11-12T07:10:21","date_gmt":"2015-11-12T13:10:21","guid":{"rendered":"http:\/\/elcronistadigital.com\/?p=42224"},"modified":"2015-11-12T07:10:21","modified_gmt":"2015-11-12T13:10:21","slug":"guitarras-en-nicaragua-por-paco-de-lucia","status":"publish","type":"post","link":"https:\/\/elcronistadigital.com\/?p=42224","title":{"rendered":"Guitarras en Nicaragua por Paco de Luc\u00eda"},"content":{"rendered":"<div id=\"attachment_42225\" style=\"width: 410px\" class=\"wp-caption alignleft\"><a href=\"https:\/\/elcronistadigital.com\/wp-content\/uploads\/2015\/11\/Paco-de-Luc\u00eda.jpg\"><img loading=\"lazy\" decoding=\"async\" aria-describedby=\"caption-attachment-42225\" class=\"size-full wp-image-42225\" alt=\"Paco de Luc\u00eda, el gran guitarrista espa\u00f1ol fallecido el a\u00f1o pasado en M\u00e9xico.\" src=\"https:\/\/elcronistadigital.com\/wp-content\/uploads\/2015\/11\/Paco-de-Luc\u00eda.jpg\" width=\"400\" height=\"235\" srcset=\"https:\/\/elcronistadigital.com\/wp-content\/uploads\/2015\/11\/Paco-de-Luc\u00eda.jpg 400w, https:\/\/elcronistadigital.com\/wp-content\/uploads\/2015\/11\/Paco-de-Luc\u00eda-300x176.jpg 300w, https:\/\/elcronistadigital.com\/wp-content\/uploads\/2015\/11\/Paco-de-Luc\u00eda-342x200.jpg 342w\" sizes=\"auto, (max-width: 400px) 100vw, 400px\" \/><\/a><p id=\"caption-attachment-42225\" class=\"wp-caption-text\">Paco de Luc\u00eda, el gran guitarrista espa\u00f1ol fallecido el a\u00f1o pasado en M\u00e9xico.<\/p><\/div>\n<p>Nicaragua acoger\u00e1 a partir de este jueves un festival internacional de guitarra en honor al m\u00fasico espa\u00f1ol Paco de Luc\u00eda, informaron sus organizadores.<\/p>\n<p>El Festival de Guitarra \u00abCoraz\u00f3n de Am\u00e9rica\u00bb ser\u00e1 inaugurado en el Centro Cultural de Espa\u00f1a en Nicaragua (CCEN), en Managua, por el reconocido guitarrista de flamenco espa\u00f1ol Oscar Herrero, dijo a Efe el m\u00fasico nicarag\u00fcense y organizador, Julio V\u00e1squez.<\/p>\n<p>Herrero ofrecer\u00e1 un concierto que deleitar\u00e1 al p\u00fablico nicarag\u00fcense amante de este g\u00e9nero, agreg\u00f3.<\/p>\n<p>En el festival, que cuenta con el apoyo del CCEN y la Embajada de Espa\u00f1a en Nicaragua, tambi\u00e9n participar\u00e1n guitarristas de Colombia, Costa Rica, Cuba, M\u00e9xico y Nicaragua, indic\u00f3 V\u00e1squez.<\/p>\n<p>En esta cita art\u00edstica, que culminar\u00e1 el 21 de noviembre pr\u00f3ximo, tambi\u00e9n participar\u00e1n m\u00fasicos de la Orquesta Nacional de Nicaragua.<\/p>\n<p>El Festival ofrecer\u00e1 diez conciertos gratuitos, ocho de ellos en diferentes escenarios de Managua, uno en la ciudad colonial de Le\u00f3n (noroeste) y otro en el municipio de Estel\u00ed (norte), de acuerdo con los organizadores.<\/p>\n<p>Herrero fue honrado con el Premio Nacional de Guitarra Flamenca, celebrado en la ciudad de Jerez, Espa\u00f1a, y el \u00abBord\u00f3n Minero\u00bb del Festival de La Uni\u00f3n de Murcia, galardones del m\u00e1s alto nivel en el mundo del flamenco, seg\u00fan el CCEN.<\/p>\n<p>En el marco del festival, Herrero tambi\u00e9n impartir\u00e1 el pr\u00f3ximo 13 de noviembre un taller de guitarra flamenca, donde compartir\u00e1 con 30 j\u00f3venes m\u00fasicos nicarag\u00fcenses interesados en este g\u00e9nero art\u00edstico, mencion\u00f3 V\u00e1squez.<\/p>\n<p>Igualmente, la guitarrista cubana Rosa Matos ofrecer\u00e1 una conferencia magistral sobre guitarra cl\u00e1sica el pr\u00f3ximo 20 de noviembre.<\/p>\n<p>Actualmente este festival es el m\u00e1s importante de Centroam\u00e9rica por su car\u00e1cter masivo y gratuito, y es considerado el tercero en importancia a nivel latinoamericano, superado por el Festival de Guitarras del Mundo celebrado en Argentina y el de Am\u00e9rica que tiene lugar en Chile, valor\u00f3 el centro cultural.<\/p>\n","protected":false},"excerpt":{"rendered":"<p>Nicaragua acoger\u00e1 a partir de este jueves un festival internacional de guitarra en honor al m\u00fasico espa\u00f1ol Paco de Luc\u00eda, informaron sus organizadores. El Festival de Guitarra \u00abCoraz\u00f3n de Am\u00e9rica\u00bb ser\u00e1 inaugurado en el Centro Cultural de Espa\u00f1a en Nicaragua (CCEN), en Managua, por el reconocido guitarrista de flamenco espa\u00f1ol Oscar Herrero, dijo a Efe [&hellip;]<\/p>\n","protected":false},"author":1,"featured_media":42225,"comment_status":"open","ping_status":"open","sticky":false,"template":"","format":"standard","meta":{"om_disable_all_campaigns":false,"_monsterinsights_skip_tracking":false,"_monsterinsights_sitenote_active":false,"_monsterinsights_sitenote_note":"","_monsterinsights_sitenote_category":0,"footnotes":""},"categories":[10,3524],"tags":[],"class_list":["post-42224","post","type-post","status-publish","format-standard","has-post-thumbnail","hentry","category-cultura","category-noticas"],"aioseo_notices":[],"_links":{"self":[{"href":"https:\/\/elcronistadigital.com\/index.php?rest_route=\/wp\/v2\/posts\/42224","targetHints":{"allow":["GET"]}}],"collection":[{"href":"https:\/\/elcronistadigital.com\/index.php?rest_route=\/wp\/v2\/posts"}],"about":[{"href":"https:\/\/elcronistadigital.com\/index.php?rest_route=\/wp\/v2\/types\/post"}],"author":[{"embeddable":true,"href":"https:\/\/elcronistadigital.com\/index.php?rest_route=\/wp\/v2\/users\/1"}],"replies":[{"embeddable":true,"href":"https:\/\/elcronistadigital.com\/index.php?rest_route=%2Fwp%2Fv2%2Fcomments&post=42224"}],"version-history":[{"count":1,"href":"https:\/\/elcronistadigital.com\/index.php?rest_route=\/wp\/v2\/posts\/42224\/revisions"}],"predecessor-version":[{"id":42226,"href":"https:\/\/elcronistadigital.com\/index.php?rest_route=\/wp\/v2\/posts\/42224\/revisions\/42226"}],"wp:featuredmedia":[{"embeddable":true,"href":"https:\/\/elcronistadigital.com\/index.php?rest_route=\/wp\/v2\/media\/42225"}],"wp:attachment":[{"href":"https:\/\/elcronistadigital.com\/index.php?rest_route=%2Fwp%2Fv2%2Fmedia&parent=42224"}],"wp:term":[{"taxonomy":"category","embeddable":true,"href":"https:\/\/elcronistadigital.com\/index.php?rest_route=%2Fwp%2Fv2%2Fcategories&post=42224"},{"taxonomy":"post_tag","embeddable":true,"href":"https:\/\/elcronistadigital.com\/index.php?rest_route=%2Fwp%2Fv2%2Ftags&post=42224"}],"curies":[{"name":"wp","href":"https:\/\/api.w.org\/{rel}","templated":true}]}}