{"id":42356,"date":"2015-11-20T08:11:25","date_gmt":"2015-11-20T14:11:25","guid":{"rendered":"http:\/\/elcronistadigital.com\/?p=42356"},"modified":"2015-11-20T08:11:25","modified_gmt":"2015-11-20T14:11:25","slug":"madrid-conmemora-100-anos-de-la-muerte-de-ruben-dario","status":"publish","type":"post","link":"https:\/\/elcronistadigital.com\/?p=42356","title":{"rendered":"Madrid conmemora 100 a\u00f1os de la muerte de Rub\u00e9n Dar\u00edo"},"content":{"rendered":"<p><a href=\"https:\/\/elcronistadigital.com\/wp-content\/uploads\/2015\/11\/Dar\u00edo-Madrid.jpg\"><img loading=\"lazy\" decoding=\"async\" class=\"alignleft size-full wp-image-42357\" alt=\"Dar\u00edo Madrid\" src=\"https:\/\/elcronistadigital.com\/wp-content\/uploads\/2015\/11\/Dar\u00edo-Madrid.jpg\" width=\"500\" height=\"326\" srcset=\"https:\/\/elcronistadigital.com\/wp-content\/uploads\/2015\/11\/Dar\u00edo-Madrid.jpg 500w, https:\/\/elcronistadigital.com\/wp-content\/uploads\/2015\/11\/Dar\u00edo-Madrid-300x195.jpg 300w, https:\/\/elcronistadigital.com\/wp-content\/uploads\/2015\/11\/Dar\u00edo-Madrid-342x222.jpg 342w\" sizes=\"auto, (max-width: 500px) 100vw, 500px\" \/><\/a>El Ateneo de Madrid, en Espa\u00f1a, conmemor\u00f3 el jueves el primer centenario del paso a la inmortalidad del poeta Rub\u00e9n Dar\u00edo, en unas jornadas organizadas por el Gobierno de Nicaragua y la Embajada Nicarag\u00fcense en Espa\u00f1a.<\/p>\n<p>El acto, presidido por el vicepresidente de la Junta de Gobierno del Ateneo, Antonio Chazarra, y por la embajadora de Nicaragua en Espa\u00f1a, Ver\u00f3nica Rojas, rindi\u00f3 homenaje al influyente poeta nicarag\u00fcense F\u00e9lix Rub\u00e9n Garc\u00eda Sarmiento, conocido como Rub\u00e9n Dar\u00edo.<\/p>\n<p>El representante del Ateneo comenz\u00f3 resaltando la figura de este poeta y diplom\u00e1tico \u00abinnovador y vanguardista\u00bb, que reinvent\u00f3 y resucit\u00f3 el castellano, seg\u00fan consigna Notim\u00e9rica.<\/p>\n<p>\u00abEmbajadora, es nuestro y es vuestro\u00bb, dijo, cediendo la palabra a Rojas, quien, visiblemente emocionada, dio las gracias a su compatriota en nombre de todo el pa\u00eds. \u00abQuiero recordar tu apuesta por la paz con tu poes\u00eda\u00bb, indic\u00f3, antes de concluir: \u00abGracias, Rub\u00e9n\u00bb.<\/p>\n<p>Tras sus palabras, &#8216;Soneto a Cervantes&#8217;, &#8216;Responso a Verlaine&#8217;, &#8216;Im\u00e1genes para un Centenario&#8217; y &#8216;Salutaci\u00f3n del optimista&#8217;, resonaban en la sala madrile\u00f1a ante la ovaci\u00f3n del p\u00fablico. A las obras del maestro, se sumaban otras de lecturas, esta vez, obras del poeta de Nicaragua Eduardo Zepeda-Henr\u00edquez: &#8216;Azul&#8230; La prosa de creaci\u00f3n, su estructura musical y el colorismo en los versos azul&#8217; y &#8216;Canto del II Poema Sinf\u00f3nico de Dar\u00edo&#8217;.<\/p>\n<p>Debido a la relevancia hist\u00f3rica y a la duraci\u00f3n del v\u00eddeo &#8216;Im\u00e1genes para un Centenario&#8217;, la instituci\u00f3n de la capital espa\u00f1ola decidi\u00f3 posponerlo para otro acto futuro, finalizando \u00e9ste con una representaci\u00f3n art\u00edstica del Grupo de Danza Nicarag\u00fcense Flor de Sacuanjoche.<\/p>\n<p>Habr\u00e1 que esperar para ver el v\u00eddeo homenaje, quien sabe si aprovechando 2016, a\u00f1o del primer centenario de la muerte de Rub\u00e9n Dar\u00edo, que coincide con las 400 primaveras del fallecimiento de otro genio de la pluma: Miguel de Cervantes.<\/p>\n","protected":false},"excerpt":{"rendered":"<p>El Ateneo de Madrid, en Espa\u00f1a, conmemor\u00f3 el jueves el primer centenario del paso a la inmortalidad del poeta Rub\u00e9n Dar\u00edo, en unas jornadas organizadas por el Gobierno de Nicaragua y la Embajada Nicarag\u00fcense en Espa\u00f1a. El acto, presidido por el vicepresidente de la Junta de Gobierno del Ateneo, Antonio Chazarra, y por la embajadora [&hellip;]<\/p>\n","protected":false},"author":1,"featured_media":42357,"comment_status":"open","ping_status":"open","sticky":false,"template":"","format":"standard","meta":{"om_disable_all_campaigns":false,"_monsterinsights_skip_tracking":false,"_monsterinsights_sitenote_active":false,"_monsterinsights_sitenote_note":"","_monsterinsights_sitenote_category":0,"footnotes":""},"categories":[10,3524],"tags":[],"class_list":["post-42356","post","type-post","status-publish","format-standard","has-post-thumbnail","hentry","category-cultura","category-noticas"],"aioseo_notices":[],"_links":{"self":[{"href":"https:\/\/elcronistadigital.com\/index.php?rest_route=\/wp\/v2\/posts\/42356","targetHints":{"allow":["GET"]}}],"collection":[{"href":"https:\/\/elcronistadigital.com\/index.php?rest_route=\/wp\/v2\/posts"}],"about":[{"href":"https:\/\/elcronistadigital.com\/index.php?rest_route=\/wp\/v2\/types\/post"}],"author":[{"embeddable":true,"href":"https:\/\/elcronistadigital.com\/index.php?rest_route=\/wp\/v2\/users\/1"}],"replies":[{"embeddable":true,"href":"https:\/\/elcronistadigital.com\/index.php?rest_route=%2Fwp%2Fv2%2Fcomments&post=42356"}],"version-history":[{"count":1,"href":"https:\/\/elcronistadigital.com\/index.php?rest_route=\/wp\/v2\/posts\/42356\/revisions"}],"predecessor-version":[{"id":42358,"href":"https:\/\/elcronistadigital.com\/index.php?rest_route=\/wp\/v2\/posts\/42356\/revisions\/42358"}],"wp:featuredmedia":[{"embeddable":true,"href":"https:\/\/elcronistadigital.com\/index.php?rest_route=\/wp\/v2\/media\/42357"}],"wp:attachment":[{"href":"https:\/\/elcronistadigital.com\/index.php?rest_route=%2Fwp%2Fv2%2Fmedia&parent=42356"}],"wp:term":[{"taxonomy":"category","embeddable":true,"href":"https:\/\/elcronistadigital.com\/index.php?rest_route=%2Fwp%2Fv2%2Fcategories&post=42356"},{"taxonomy":"post_tag","embeddable":true,"href":"https:\/\/elcronistadigital.com\/index.php?rest_route=%2Fwp%2Fv2%2Ftags&post=42356"}],"curies":[{"name":"wp","href":"https:\/\/api.w.org\/{rel}","templated":true}]}}