{"id":42426,"date":"2015-11-26T12:46:40","date_gmt":"2015-11-26T18:46:40","guid":{"rendered":"http:\/\/elcronistadigital.com\/?p=42426"},"modified":"2015-11-26T12:46:40","modified_gmt":"2015-11-26T18:46:40","slug":"represalia-tica-contra-migrantes-nicaraguenses","status":"publish","type":"post","link":"https:\/\/elcronistadigital.com\/?p=42426","title":{"rendered":"Represalia tica contra migrantes nicarag\u00fcenses"},"content":{"rendered":"<div id=\"attachment_42427\" style=\"width: 310px\" class=\"wp-caption alignleft\"><a href=\"https:\/\/elcronistadigital.com\/wp-content\/uploads\/2015\/11\/cubanos4.jpg\"><img loading=\"lazy\" decoding=\"async\" aria-describedby=\"caption-attachment-42427\" class=\"size-medium wp-image-42427\" alt=\"La crisis de los migrantes cubanos ha servido de excusa al gobierno de Costa Rica para ensa\u00f1arse con inmigrantes pinoleros.\" src=\"https:\/\/elcronistadigital.com\/wp-content\/uploads\/2015\/11\/cubanos4-300x200.jpg\" width=\"300\" height=\"200\" srcset=\"https:\/\/elcronistadigital.com\/wp-content\/uploads\/2015\/11\/cubanos4-300x200.jpg 300w, https:\/\/elcronistadigital.com\/wp-content\/uploads\/2015\/11\/cubanos4-342x228.jpg 342w, https:\/\/elcronistadigital.com\/wp-content\/uploads\/2015\/11\/cubanos4.jpg 899w\" sizes=\"auto, (max-width: 300px) 100vw, 300px\" \/><\/a><p id=\"caption-attachment-42427\" class=\"wp-caption-text\">La crisis de los migrantes cubanos ha servido de excusa al gobierno de Costa Rica para ensa\u00f1arse con inmigrantes pinoleros.<\/p><\/div>\n<p>En lo que fue considerado un gesto de hostilidad y revancha por el caso de los migrantes cubanos, el gobierno de Costa Rica deport\u00f3 la noche del mi\u00e9rcoles a diez ciudadanos nicarag\u00fcenses que tuvo detenidos por casi un mes en una celda de mala muerte.<\/p>\n<p>El gobierno tico ha reaccionado de mala manera al fracasar sus intentos de forzar el paso ilegal de miles de emigrantes cubanos por suelo nicarag\u00fcense, lo que fue considerado como violaci\u00f3n a nuestra soberan\u00eda por parte de nuestras autoridades.<\/p>\n<p>Los nicarag\u00fcenses llegaron en horas de la noche al puesto fronterizo de Pe\u00f1as Blancas en el departamento de Rivas, manifestando su alegr\u00eda de retornar a su pa\u00eds tras haber permanecido detenidos por la polic\u00eda de migraci\u00f3n del vecino pa\u00eds del sur.<\/p>\n<p>\u201cYo estuve 26 d\u00edas ah\u00ed, detenido en migraci\u00f3n y ahora nos mandaron. Nos avisaron a las 2:00 de la tarde que ven\u00edamos de regreso para ac\u00e1\u201d, manifest\u00f3 Andy Garc\u00eda.<\/p>\n<p>Garc\u00eda no omiti\u00f3 manifestar que este procedimiento podr\u00eda responder a una represalia del gobierno costarricense a la decisi\u00f3n del Gobierno de Nicaragua de no permitir el paso de migrantes ilegales por su territorio.<\/p>\n<p>En las \u00faltimas fechas, la polic\u00eda de migraci\u00f3n de Costa Rica ha desatado una cacer\u00eda de nicarag\u00fcenses.<\/p>\n<p>\u201cYo digo que s\u00ed es represalia, a nosotros nos ten\u00edan retenidos como un mes, \u00edbamos a hacer una huelga para que nos dejaran ir, porque si no le \u00edbamos a enviar una carta al presidente Daniel Ortega informando que nos ten\u00edan secuestrados, y todav\u00eda hay paisanos all\u00e1\u201d, dijo Byron Aguirre Ortiz.<\/p>\n<p>Aunque Costa Rica, con el episodio reciente con los emigrantes cubanos intent\u00f3 abanderarse falsamente como un pa\u00eds que vela por los derechos humanos de los migrantes, la realidad es que con estos ciudadanos nicarag\u00fcenses no ha habido protecci\u00f3n alguna, y en este caso ninguna organizaci\u00f3n ha abogado por la precaria situaci\u00f3n en la que se encuentran.<\/p>\n<p>Aguirre Ortiz denunci\u00f3 las acciones emprendidas por el gobierno costarricense, ya que a pesar de haber permanecido de forma legal en suelo tico por m\u00e1s de 10 a\u00f1os, le fueron decomisados sus documentos y estuvo bajo prisi\u00f3n migratoria por 26 d\u00edas, sin que le dieran una respuesta o procedieran a trasladarlo a Nicaragua.<\/p>\n<p>\u201cEstuvimos 27 d\u00edas all\u00e1 prensados (detenidos). (Pero ahora que regresamos a Nicaragua) Todo bien, contentos de estar en nuestro pa\u00eds. Me siento contento de estar en mi pa\u00eds\u201d, coment\u00f3 otro de los nicarag\u00fcenses deportados.<\/p>\n<p>Luis Adolfo Acu\u00f1a reiter\u00f3 la hostilidad con la que fueron tratados durante los 26 d\u00edas de encierro en la prisi\u00f3n migratoria, como una represalia por la decisi\u00f3n de Nicaragua de no permitir el paso de migrantes ilegales cubanos por tierra pinolera.<\/p>\n","protected":false},"excerpt":{"rendered":"<p>En lo que fue considerado un gesto de hostilidad y revancha por el caso de los migrantes cubanos, el gobierno de Costa Rica deport\u00f3 la noche del mi\u00e9rcoles a diez ciudadanos nicarag\u00fcenses que tuvo detenidos por casi un mes en una celda de mala muerte. El gobierno tico ha reaccionado de mala manera al fracasar [&hellip;]<\/p>\n","protected":false},"author":1,"featured_media":42427,"comment_status":"open","ping_status":"open","sticky":false,"template":"","format":"standard","meta":{"om_disable_all_campaigns":false,"_monsterinsights_skip_tracking":false,"_monsterinsights_sitenote_active":false,"_monsterinsights_sitenote_note":"","_monsterinsights_sitenote_category":0,"footnotes":""},"categories":[16,3524],"tags":[],"class_list":["post-42426","post","type-post","status-publish","format-standard","has-post-thumbnail","hentry","category-migrante","category-noticas"],"aioseo_notices":[],"_links":{"self":[{"href":"https:\/\/elcronistadigital.com\/index.php?rest_route=\/wp\/v2\/posts\/42426","targetHints":{"allow":["GET"]}}],"collection":[{"href":"https:\/\/elcronistadigital.com\/index.php?rest_route=\/wp\/v2\/posts"}],"about":[{"href":"https:\/\/elcronistadigital.com\/index.php?rest_route=\/wp\/v2\/types\/post"}],"author":[{"embeddable":true,"href":"https:\/\/elcronistadigital.com\/index.php?rest_route=\/wp\/v2\/users\/1"}],"replies":[{"embeddable":true,"href":"https:\/\/elcronistadigital.com\/index.php?rest_route=%2Fwp%2Fv2%2Fcomments&post=42426"}],"version-history":[{"count":1,"href":"https:\/\/elcronistadigital.com\/index.php?rest_route=\/wp\/v2\/posts\/42426\/revisions"}],"predecessor-version":[{"id":42428,"href":"https:\/\/elcronistadigital.com\/index.php?rest_route=\/wp\/v2\/posts\/42426\/revisions\/42428"}],"wp:featuredmedia":[{"embeddable":true,"href":"https:\/\/elcronistadigital.com\/index.php?rest_route=\/wp\/v2\/media\/42427"}],"wp:attachment":[{"href":"https:\/\/elcronistadigital.com\/index.php?rest_route=%2Fwp%2Fv2%2Fmedia&parent=42426"}],"wp:term":[{"taxonomy":"category","embeddable":true,"href":"https:\/\/elcronistadigital.com\/index.php?rest_route=%2Fwp%2Fv2%2Fcategories&post=42426"},{"taxonomy":"post_tag","embeddable":true,"href":"https:\/\/elcronistadigital.com\/index.php?rest_route=%2Fwp%2Fv2%2Ftags&post=42426"}],"curies":[{"name":"wp","href":"https:\/\/api.w.org\/{rel}","templated":true}]}}