{"id":42544,"date":"2015-12-03T08:29:10","date_gmt":"2015-12-03T14:29:10","guid":{"rendered":"http:\/\/elcronistadigital.com\/?p=42544"},"modified":"2015-12-03T08:30:09","modified_gmt":"2015-12-03T14:30:09","slug":"muere-un-fundador-de-los-iracundos","status":"publish","type":"post","link":"https:\/\/elcronistadigital.com\/?p=42544","title":{"rendered":"Muere un fundador de Los Iracundos"},"content":{"rendered":"<div id=\"attachment_42545\" style=\"width: 310px\" class=\"wp-caption alignleft\"><a href=\"https:\/\/elcronistadigital.com\/wp-content\/uploads\/2015\/12\/Leoni-Franco.jpg\"><img loading=\"lazy\" decoding=\"async\" aria-describedby=\"caption-attachment-42545\" class=\"size-medium wp-image-42545\" alt=\"Leonardo Franco, fundador de Los Iracundos.\" src=\"https:\/\/elcronistadigital.com\/wp-content\/uploads\/2015\/12\/Leoni-Franco-300x200.jpg\" width=\"300\" height=\"200\" srcset=\"https:\/\/elcronistadigital.com\/wp-content\/uploads\/2015\/12\/Leoni-Franco-300x200.jpg 300w, https:\/\/elcronistadigital.com\/wp-content\/uploads\/2015\/12\/Leoni-Franco-342x227.jpg 342w, https:\/\/elcronistadigital.com\/wp-content\/uploads\/2015\/12\/Leoni-Franco.jpg 600w\" sizes=\"auto, (max-width: 300px) 100vw, 300px\" \/><\/a><p id=\"caption-attachment-42545\" class=\"wp-caption-text\">Leonardo Franco, fundador de Los Iracundos.<\/p><\/div>\n<p>Uno de los fundadores de Los Iracundos, Leonardo Franco, falleci\u00f3 el martes por la noche en un centro asistencial privado de ciudad de Guatemala.<\/p>\n<p>El representante del grupo, Mauricio Estrada, explic\u00f3 que el m\u00fasico falleci\u00f3 de un paro card\u00edaco.<\/p>\n<p>Agreg\u00f3 que en las pr\u00f3ximas horas dar\u00e1n una rueda de prensa para ofrecer todos los detalles del fallecimiento del guitarrista, de 73 a\u00f1os, quien sufri\u00f3 problemas de salud la noche del martes y fue trasladado a un sanatorio privado donde muri\u00f3.<\/p>\n<p>El grupo se presentaba de forma constante en este pa\u00eds centroamericano y en la actualidad realizaba una gira por varios centros culturales de la capital.<\/p>\n<p>Conocido como \u00abLeoni\u00bb, fue uno de los fundadores de la banda junto con su hermano Eduardo Franco, compositor, vocalista y arreglista, en 1958 en Paysand\u00fa (Uruguay).<\/p>\n<p>Los Iracundos alcanzaron fama internacional a mediados de la d\u00e9cada de los 60 con temas rom\u00e1nticos juveniles como \u00abCalla\u00bb, \u00abTodo termin\u00f3\u00bb, \u00abEl desenga\u00f1o\u00bb, \u00abLa lluvia termin\u00f3\u00bb, \u00abFelicidad, felicidad\u00bb, \u00abTu ya no estar\u00e1s\u00bb, \u00abEl triunfador\u00bb y \u00abEs la lluvia que cae\u00bb, entre otros.<\/p>\n<p>Seg\u00fan Estrada, este mi\u00e9rcoles la banda ten\u00eda previsto presentarse en un hotel del centro de la capital y al siguiente d\u00eda ofrecer\u00eda un concierto en la ciudad oriental de Chiquimula, sobre cuya realizaci\u00f3n o cancelaci\u00f3n se espera precisiones en la rueda de prensa.<br \/>\nEl grupo inici\u00f3 su gira de presentaciones en el pa\u00eds el pasado 19 de noviembre y la terminar\u00edan el d\u00eda 6 para luego viajar a El Salvador.<\/p>\n","protected":false},"excerpt":{"rendered":"<p>Uno de los fundadores de Los Iracundos, Leonardo Franco, falleci\u00f3 el martes por la noche en un centro asistencial privado de ciudad de Guatemala. El representante del grupo, Mauricio Estrada, explic\u00f3 que el m\u00fasico falleci\u00f3 de un paro card\u00edaco. Agreg\u00f3 que en las pr\u00f3ximas horas dar\u00e1n una rueda de prensa para ofrecer todos los detalles [&hellip;]<\/p>\n","protected":false},"author":1,"featured_media":42545,"comment_status":"open","ping_status":"open","sticky":false,"template":"","format":"standard","meta":{"om_disable_all_campaigns":false,"_monsterinsights_skip_tracking":false,"_monsterinsights_sitenote_active":false,"_monsterinsights_sitenote_note":"","_monsterinsights_sitenote_category":0,"footnotes":""},"categories":[10,3524],"tags":[],"class_list":["post-42544","post","type-post","status-publish","format-standard","has-post-thumbnail","hentry","category-cultura","category-noticas"],"aioseo_notices":[],"_links":{"self":[{"href":"https:\/\/elcronistadigital.com\/index.php?rest_route=\/wp\/v2\/posts\/42544","targetHints":{"allow":["GET"]}}],"collection":[{"href":"https:\/\/elcronistadigital.com\/index.php?rest_route=\/wp\/v2\/posts"}],"about":[{"href":"https:\/\/elcronistadigital.com\/index.php?rest_route=\/wp\/v2\/types\/post"}],"author":[{"embeddable":true,"href":"https:\/\/elcronistadigital.com\/index.php?rest_route=\/wp\/v2\/users\/1"}],"replies":[{"embeddable":true,"href":"https:\/\/elcronistadigital.com\/index.php?rest_route=%2Fwp%2Fv2%2Fcomments&post=42544"}],"version-history":[{"count":1,"href":"https:\/\/elcronistadigital.com\/index.php?rest_route=\/wp\/v2\/posts\/42544\/revisions"}],"predecessor-version":[{"id":42546,"href":"https:\/\/elcronistadigital.com\/index.php?rest_route=\/wp\/v2\/posts\/42544\/revisions\/42546"}],"wp:featuredmedia":[{"embeddable":true,"href":"https:\/\/elcronistadigital.com\/index.php?rest_route=\/wp\/v2\/media\/42545"}],"wp:attachment":[{"href":"https:\/\/elcronistadigital.com\/index.php?rest_route=%2Fwp%2Fv2%2Fmedia&parent=42544"}],"wp:term":[{"taxonomy":"category","embeddable":true,"href":"https:\/\/elcronistadigital.com\/index.php?rest_route=%2Fwp%2Fv2%2Fcategories&post=42544"},{"taxonomy":"post_tag","embeddable":true,"href":"https:\/\/elcronistadigital.com\/index.php?rest_route=%2Fwp%2Fv2%2Ftags&post=42544"}],"curies":[{"name":"wp","href":"https:\/\/api.w.org\/{rel}","templated":true}]}}