{"id":42650,"date":"2015-12-12T10:10:52","date_gmt":"2015-12-12T16:10:52","guid":{"rendered":"http:\/\/elcronistadigital.com\/?p=42650"},"modified":"2015-12-12T10:10:52","modified_gmt":"2015-12-12T16:10:52","slug":"se-filmara-aqui-cuento-de-escritor-argentino","status":"publish","type":"post","link":"https:\/\/elcronistadigital.com\/?p=42650","title":{"rendered":"Se filmar\u00e1 aqu\u00ed cuento de escritor argentino"},"content":{"rendered":"<div id=\"attachment_42651\" style=\"width: 282px\" class=\"wp-caption alignleft\"><a href=\"https:\/\/elcronistadigital.com\/wp-content\/uploads\/2015\/12\/Carlos-Powell.jpg\"><img loading=\"lazy\" decoding=\"async\" aria-describedby=\"caption-attachment-42651\" class=\"size-full wp-image-42651\" alt=\"Carlos Powell, periodista y escritor argentino.\" src=\"https:\/\/elcronistadigital.com\/wp-content\/uploads\/2015\/12\/Carlos-Powell.jpg\" width=\"272\" height=\"361\" srcset=\"https:\/\/elcronistadigital.com\/wp-content\/uploads\/2015\/12\/Carlos-Powell.jpg 272w, https:\/\/elcronistadigital.com\/wp-content\/uploads\/2015\/12\/Carlos-Powell-226x300.jpg 226w\" sizes=\"auto, (max-width: 272px) 100vw, 272px\" \/><\/a><p id=\"caption-attachment-42651\" class=\"wp-caption-text\">Carlos Powell, periodista y escritor argentino.<\/p><\/div>\n<p>\u201cHabitados de olvido\u201d, con gui\u00f3n de Carlos Powell, ser\u00e1 rodada en Nicaragua por Jan Kees de Rooy. El cineasta holand\u00e9s conoci\u00f3 al periodista y escritor, fallecido en 2012.<\/p>\n<p>Carlos Powell Romanenghi naci\u00f3 en C\u00f3rdoba, pero creci\u00f3 en Tucum\u00e1n, donde dej\u00f3 muchos amigos. Fue testigo del secuestro de la adolescente Ana Cristina Corral, una de las v\u00edctimas de la dictadura, y tuvo que exiliarse en 1976. Escritor y periodista ganador del premio Juan Rulfo, vivi\u00f3 en Francia, Inglaterra y Nicaragua. Falleci\u00f3 en 2012 a los 55 a\u00f1os.<\/p>\n<p>El gui\u00f3n de la pel\u00edcula \u201cHabitados de olvido\u201d, basada en uno de sus cuentos, se centra en un cineasta italiano que visita Nicaragua en busca de un personaje al que film\u00f3 hace 25 a\u00f1os, cuando realiz\u00f3 un documental sobre la Cruzada Nacional de Alfabetizaci\u00f3n en los inicios de la revoluci\u00f3n nicarag\u00fcense. Acompa\u00f1ado por su hija, encuentra una realidad completamente distinta de la que conoci\u00f3 en 1980. Es una sociedad de posguerra que busca su nueva identidad, sin perder la esperanza por una sociedad m\u00e1s justa.<\/p>\n<p>Seg\u00fan explic\u00f3 el realizador Jan Kees de Rooy, para hacer posible la realizaci\u00f3n de este proyecto cinematogr\u00e1fico, Imaginarte Films (la productora nicarag\u00fcense de esta pel\u00edcula) ha iniciado una campa\u00f1a de crowdfunding (financiamiento p\u00fablico) en la p\u00e1gina de internet de Indiegogo www.igg.me\/at\/defianceofmemory, pidiendo la colaboraci\u00f3n del p\u00fablico con una donaci\u00f3n a este fondo para el rodaje.<\/p>\n<p>Creativo e inquieto<\/p>\n<p>El cineasta describi\u00f3 a Powell como un hombre muy modesto, humilde y solidario, con un l\u00e1piz muy cr\u00edtico y de un humor fino, capaz de fascinar a trav\u00e9s de sus cuentos para ni\u00f1os. \u201cSiempre fue un hombre muy creativo y dispuesto a emprender nuevos proyectos para responder de cara a nuevos desaf\u00edos con miras a ofrecer alternativas a la vida cultural nicarag\u00fcense \u2013dijo-. Tan fue as\u00ed que, ya en su madurez, empez\u00f3 a aprender a tocar el saxo, lo que le llev\u00f3 a fundar un movimiento de jazz de calidad en Nicaragua\u201d.<\/p>\n<p>\u201cUn d\u00eda inesperado, hace seis a\u00f1os, cay\u00f3 en mis manos su bello libro de cuentos \u2018Si otro gallo nos contara\u2019 \u2013record\u00f3-. Me qued\u00e9 fascinado por su sencillez y la gracia de su lenguaje, lleno de pasi\u00f3n y humor, un texto con un ojo cr\u00edtico a los acontecimientos de la sociedad neoliberal de la Nicaragua posguerra de los a\u00f1os 90. Fue en la presentaci\u00f3n de uno de los proyectos con apoyo solidario de Charly que nos encontramos por primera vez. Le cont\u00e9 la historia para mi gui\u00f3n de cine y c\u00f3mo su cuento se hab\u00eda convertido en la fuente de inspiraci\u00f3n de esa f\u00e1bula que yo quer\u00eda llevar a la pantalla. Sin pensar mucho, se comprometi\u00f3 a ser parte del proceso de creaci\u00f3n del gui\u00f3n\u201d.<\/p>\n<p>De Rooy coment\u00f3 que el cine nicarag\u00fcense tuvo un gran desarrollo durante los a\u00f1os 80, con producciones propias, documentales y pel\u00edculas de ficci\u00f3n, como tambi\u00e9n una gran cantidad de coproducciones de largometrajes internacionales. \u201cLamentablemente, en los a\u00f1os posguerra de los 90, toda esta experiencia fue desarmada, incluso el Instituto Nicarag\u00fcense de Cine (INCINE) fue totalmente desmantelado \u2013explic\u00f3-.<\/p>\n<p>Solamente en la \u00faltima d\u00e9cada los cineastas nicarag\u00fcenses han podido reiniciar, contra viento y marea, con pocos recursos y pr\u00e1cticamente sin apoyo financiero, la producci\u00f3n de algunas pel\u00edculas de cine de ficci\u00f3n\u201d.<\/p>\n","protected":false},"excerpt":{"rendered":"<p>\u201cHabitados de olvido\u201d, con gui\u00f3n de Carlos Powell, ser\u00e1 rodada en Nicaragua por Jan Kees de Rooy. El cineasta holand\u00e9s conoci\u00f3 al periodista y escritor, fallecido en 2012. Carlos Powell Romanenghi naci\u00f3 en C\u00f3rdoba, pero creci\u00f3 en Tucum\u00e1n, donde dej\u00f3 muchos amigos. Fue testigo del secuestro de la adolescente Ana Cristina Corral, una de las [&hellip;]<\/p>\n","protected":false},"author":1,"featured_media":42651,"comment_status":"open","ping_status":"open","sticky":false,"template":"","format":"standard","meta":{"om_disable_all_campaigns":false,"_monsterinsights_skip_tracking":false,"_monsterinsights_sitenote_active":false,"_monsterinsights_sitenote_note":"","_monsterinsights_sitenote_category":0,"footnotes":""},"categories":[10,3524],"tags":[],"class_list":["post-42650","post","type-post","status-publish","format-standard","has-post-thumbnail","hentry","category-cultura","category-noticas"],"aioseo_notices":[],"_links":{"self":[{"href":"https:\/\/elcronistadigital.com\/index.php?rest_route=\/wp\/v2\/posts\/42650","targetHints":{"allow":["GET"]}}],"collection":[{"href":"https:\/\/elcronistadigital.com\/index.php?rest_route=\/wp\/v2\/posts"}],"about":[{"href":"https:\/\/elcronistadigital.com\/index.php?rest_route=\/wp\/v2\/types\/post"}],"author":[{"embeddable":true,"href":"https:\/\/elcronistadigital.com\/index.php?rest_route=\/wp\/v2\/users\/1"}],"replies":[{"embeddable":true,"href":"https:\/\/elcronistadigital.com\/index.php?rest_route=%2Fwp%2Fv2%2Fcomments&post=42650"}],"version-history":[{"count":1,"href":"https:\/\/elcronistadigital.com\/index.php?rest_route=\/wp\/v2\/posts\/42650\/revisions"}],"predecessor-version":[{"id":42652,"href":"https:\/\/elcronistadigital.com\/index.php?rest_route=\/wp\/v2\/posts\/42650\/revisions\/42652"}],"wp:featuredmedia":[{"embeddable":true,"href":"https:\/\/elcronistadigital.com\/index.php?rest_route=\/wp\/v2\/media\/42651"}],"wp:attachment":[{"href":"https:\/\/elcronistadigital.com\/index.php?rest_route=%2Fwp%2Fv2%2Fmedia&parent=42650"}],"wp:term":[{"taxonomy":"category","embeddable":true,"href":"https:\/\/elcronistadigital.com\/index.php?rest_route=%2Fwp%2Fv2%2Fcategories&post=42650"},{"taxonomy":"post_tag","embeddable":true,"href":"https:\/\/elcronistadigital.com\/index.php?rest_route=%2Fwp%2Fv2%2Ftags&post=42650"}],"curies":[{"name":"wp","href":"https:\/\/api.w.org\/{rel}","templated":true}]}}